{"id":514893,"date":"2018-01-17T18:41:00","date_gmt":"2018-01-18T00:41:00","guid":{"rendered":"https:\/\/www.futboltotal.com.mx\/?p=514893"},"modified":"2018-01-17T18:41:00","modified_gmt":"2018-01-18T00:41:00","slug":"chivas-no-esta-bien-le-voy-a-mentir-a-la-gente-matias-almeyda","status":"publish","type":"post","link":"http:\/\/desarrollo.grupomedios.com\/futbol\/destacado-home\/chivas-no-esta-bien-le-voy-a-mentir-a-la-gente-matias-almeyda\/2018\/01","title":{"rendered":"Chivas no est\u00e1 bien, no le voy a mentir a la gente: Mat\u00edas Almeyda"},"content":{"rendered":"<p>El argentino <strong>Mat\u00edas Almeyda<\/strong>, entrenador de las <strong>Chivas de Guadalajara<\/strong>, se\u00f1al\u00f3 hoy que al menos ocho equipos se reforzaron mejor que el suyo, que sin embargo pelear\u00e1 con lo que tiene para ser uno de los protagonistas del <strong>Clausura 2018<\/strong>.<\/p>\n<p>&#8220;Estar ac\u00e1 y decirles que estamos a la par de cualquier equipo ser\u00eda mentirle a la gente; realmente los dem\u00e1s se equipos se han reforzado mejor que nosotros&#8221;, dijo Almeyda en conferencia de prensa.<\/p>\n<p>&#8220;Hoy digo que vi\u00e9ndolo as\u00ed (primero) est\u00e1n <strong>Monterrey, Tigres, Le\u00f3n, Am\u00e9rica, Cruz Azul, Pumas, Quer\u00e9taro, Santos<\/strong>, pero nosotros lucharemos con lo que tenemos, con nuestros jugadores, con nuestro sistema pero siendo conscientes de que los dem\u00e1s equipos se han reforzado mejor&#8221;, a\u00f1adi\u00f3.<\/p>\n<p style=\"text-align: center;\"><span style=\"color: #333399;\"><a href=\"https:\/\/www.futboltotal.com.mx\/futbol-mexicano\/tigres-doblete-bicampeonato-lucas-zelarayan\/2018\/01\">VER M\u00c1S &#8211;\u00a0<span class=\"item-title\">Tigres tiene todo para el doblete y el bicampeonato: Lucas Zelaray\u00e1n<\/span><\/a><\/span><\/p>\n<p style=\"text-align: left;\"><span style=\"color: #333399;\"><\/span>La falta de refuerzos y la salida de dos jugadores, el centrocampista <strong>Jos\u00e9 Juan V\u00e1zquez<\/strong> y el delantero <strong>Carlos Fierro<\/strong>, provocaron en el Guadalajara un arranque lento en el actual Clausura en el que suma un punto de seis posibles tras el empate en la primera jornada ante Toluca y la derrota por 1-3 ante Cruz Azul en la segunda.<\/p>\n<p>El estratega argentino asegur\u00f3 que se qued\u00f3 <strong>&#8220;con ganas&#8221;<\/strong> de traer jugadores.<\/p>\n<p><mark>&#8220;Hay momentos que no se puede porque cuestan mucho y hay momentos que la instituci\u00f3n no puede invertir y desde este lugar lo tengo que aceptar&#8221;, se\u00f1al\u00f3.<\/mark><\/p>\n<p>Almeyda explic\u00f3 que el club le explic\u00f3 la situaci\u00f3n y \u00e9l ten\u00eda dos caminos <strong>&#8220;aceptarlo o irme y yo lo acept\u00e9. Quer\u00eda tres jugadores, la directiva sab\u00eda y no pudimos, no se pudo&#8221;<\/strong>.<\/p>\n<p style=\"text-align: center;\"><span style=\"color: #333399;\"><a href=\"https:\/\/www.futboltotal.com.mx\/futbol-mexicano\/america-tendra-dura-baja-duelo-contra-pumas\/2018\/01\">VER M\u00c1S:\u00a0<span class=\"item-title\">Am\u00e9rica tendr\u00e1 dura baja para el duelo contra Pumas<\/span><\/a><\/span><\/p>\n<p style=\"text-align: left;\"><span style=\"color: #333399;\"><\/span>El equipo, que por tradici\u00f3n juega con mexicanos, apenas integr\u00f3 a sus filas a dos jugadores, los j\u00f3venes <strong>Gael Sandoval y Ronaldo Cisneros<\/strong>, procedentes del Santos Laguna.<\/p>\n<p>&#8220;Sandoval y Cisneros son refuerzos a futuro, hoy no van a entrar y nos van cambiar los partido. Se trajeron ahora para no pagar m\u00e1s por ellos&#8221;, finaliz\u00f3.<\/p>\n<p>El <strong>Guadalajara<\/strong> ha tenido problemas para hacerse de jugadores y reforzar al equipo, pero en los \u00faltimos a\u00f1os ese problema se ha agravado ya que los mexicanos que llegan a destacar se los ofrecen a precios altos y al contrario de los 17 equipos restantes, no se puede reforzar con extranjeros.<\/p>\n<p style=\"text-align: center;\"><span style=\"color: #333399;\"><a href=\"https:\/\/www.futboltotal.com.mx\/videos\/mexicanos-quieren-competir-a-los-killers-extranjeros-en-clausura-2018\/2018\/01\">VER M\u00c1S:\u00a0\u00bfQu\u00e9 mexicanos quieren competir a los \u2018killers\u2019 extranjeros en el Clausura 2018?<\/a><\/span><\/p>\n<p style=\"text-align: left;\"><span style=\"color: #333399;\"><\/span>El s\u00e1bado, en la tercera jornada del Clausura 2018 el Guadalajara visitar\u00e1 al <strong>Necaxa<\/strong> en busca de su primer triunfo.<\/p>\n","protected":false},"excerpt":{"rendered":"<p>El entrenador argentino acus\u00f3 la falta de refuerzos para los rojiblancos<\/p>\n","protected":false},"author":160,"featured_media":514899,"comment_status":"closed","ping_status":"closed","sticky":false,"template":"","format":"standard","meta":[],"categories":[5,2198,3845],"tags":[70,1420],"_links":{"self":[{"href":"http:\/\/desarrollo.grupomedios.com\/futbol\/wp-json\/wp\/v2\/posts\/514893"}],"collection":[{"href":"http:\/\/desarrollo.grupomedios.com\/futbol\/wp-json\/wp\/v2\/posts"}],"about":[{"href":"http:\/\/desarrollo.grupomedios.com\/futbol\/wp-json\/wp\/v2\/types\/post"}],"author":[{"embeddable":true,"href":"http:\/\/desarrollo.grupomedios.com\/futbol\/wp-json\/wp\/v2\/users\/160"}],"replies":[{"embeddable":true,"href":"http:\/\/desarrollo.grupomedios.com\/futbol\/wp-json\/wp\/v2\/comments?post=514893"}],"version-history":[{"count":1,"href":"http:\/\/desarrollo.grupomedios.com\/futbol\/wp-json\/wp\/v2\/posts\/514893\/revisions"}],"predecessor-version":[{"id":514900,"href":"http:\/\/desarrollo.grupomedios.com\/futbol\/wp-json\/wp\/v2\/posts\/514893\/revisions\/514900"}],"wp:featuredmedia":[{"embeddable":true,"href":"http:\/\/desarrollo.grupomedios.com\/futbol\/wp-json\/wp\/v2\/media\/514899"}],"wp:attachment":[{"href":"http:\/\/desarrollo.grupomedios.com\/futbol\/wp-json\/wp\/v2\/media?parent=514893"}],"wp:term":[{"taxonomy":"category","embeddable":true,"href":"http:\/\/desarrollo.grupomedios.com\/futbol\/wp-json\/wp\/v2\/categories?post=514893"},{"taxonomy":"post_tag","embeddable":true,"href":"http:\/\/desarrollo.grupomedios.com\/futbol\/wp-json\/wp\/v2\/tags?post=514893"}],"curies":[{"name":"wp","href":"https:\/\/api.w.org\/{rel}","templated":true}]}}