{"id":514907,"date":"2018-01-18T08:46:34","date_gmt":"2018-01-18T14:46:34","guid":{"rendered":"https:\/\/www.futboltotal.com.mx\/?p=514907"},"modified":"2018-01-18T09:04:58","modified_gmt":"2018-01-18T15:04:58","slug":"guido-pizarro-provoca-guerra-entre-tigres-y-sevilla","status":"publish","type":"post","link":"http:\/\/desarrollo.grupomedios.com\/futbol\/futbol-internacional\/guido-pizarro-provoca-guerra-entre-tigres-y-sevilla\/2018\/01","title":{"rendered":"Guido Pizarro provoca &#8220;guerra&#8221; entre Tigres y Sevilla"},"content":{"rendered":"<p>El mediocampista argentino <strong>ex Tigres, Guido Pizarro<\/strong> no la est\u00e1 pasando del todo bien en su aventura por Europa, pues su equipo el <strong>Sevilla<\/strong> marcha como sexto de <strong>LaLiga<\/strong> con 29 puntos y luego que levantara la voz y pidi\u00f3 uni\u00f3n entre equipo y aficionados para lograr a recuperar posiciones en la tabla.<\/p>\n<blockquote class=\"twitter-tweet\" data-lang=\"es\">\n<p dir=\"ltr\" lang=\"es\">ZONA MIXTA | <a href=\"https:\/\/twitter.com\/guido19pizarro?ref_src=twsrc%5Etfw\">@guido19pizarro<\/a>: \u201cEn estos momentos dif\u00edciles hay que apretar e ir todos por el mismo lado\u201d<a href=\"https:\/\/twitter.com\/hashtag\/vamosmisevilla?src=hash&amp;ref_src=twsrc%5Etfw\">#vamosmisevilla<\/a> <a href=\"https:\/\/twitter.com\/hashtag\/Alav%C3%A9sSevillaFC?src=hash&amp;ref_src=twsrc%5Etfw\">#Alav\u00e9sSevillaFC<\/a> <a href=\"https:\/\/t.co\/VJHgatzKI7\">pic.twitter.com\/VJHgatzKI7<\/a><\/p>\n<p>\u2014 Sevilla F\u00fatbol Club (@SevillaFC) <a href=\"https:\/\/twitter.com\/SevillaFC\/status\/952595191273263104?ref_src=twsrc%5Etfw\">14 de enero de 2018<\/a><\/p><\/blockquote>\n<p><script async src=\"https:\/\/platform.twitter.com\/widgets.js\" charset=\"utf-8\"><\/script><\/p>\n<p style=\"text-align: center;\"><a href=\"https:\/\/www.futboltotal.com.mx\/futbol-mexicano\/liga-mx\/galatasaray-se-fija-en-futbolista-santos-laguna\/2018\/01\">VER M\u00c1S: Galatasaray se fija en futbolista de Santos Laguna<\/a><\/p>\n<p>Sin embargo, los aficionados no lo tomaron de buena forma y tundieron con todo al centrocampista, aunque los aficionados de <strong>Tigres UANL<\/strong> no se quedaron callados y contestaron apoyando al <strong>&#8216;Conde&#8217;,<\/strong> lo que desemboc\u00f3 en una &#8216;pelea&#8217; en redes de ambas hinchadas. El argentino tendr\u00e1 que mejorar su rendimiento si desea ganarse a la afici\u00f3n.<\/p>\n<p>Las cr\u00edticas hab\u00edan estado presentes, pero se acentuaron cuando perdieron ante el Deportivo Alav\u00e9s.<\/p>\n<p><img decoding=\"async\" loading=\"lazy\" class=\"aligncenter size-full wp-image-514908\" src=\"https:\/\/www.futboltotal.com.mx\/wp-content\/uploads\/2018\/01\/tigres-sevilla-1.jpg\" alt=\"Guido Pizarro provoca &#8220;guerra&#8221; entre Tigres y Sevilla 0\" srcset=\"http:\/\/desarrollo.grupomedios.com\/futbol\/wp-content\/uploads\/2018\/01\/tigres-sevilla-1.jpg 642w, http:\/\/desarrollo.grupomedios.com\/futbol\/wp-content\/uploads\/2018\/01\/tigres-sevilla-1-300x218.jpg 300w\" sizes=\"(max-width: 642px) 100vw, 642px\" \/> <img decoding=\"async\" loading=\"lazy\" class=\"aligncenter size-full wp-image-514909\" src=\"https:\/\/www.futboltotal.com.mx\/wp-content\/uploads\/2018\/01\/tigres-vs-sevilla-2.jpg\" alt=\"Guido Pizarro provoca &#8220;guerra&#8221; entre Tigres y Sevilla 1\" srcset=\"http:\/\/desarrollo.grupomedios.com\/futbol\/wp-content\/uploads\/2018\/01\/tigres-vs-sevilla-2.jpg 640w, http:\/\/desarrollo.grupomedios.com\/futbol\/wp-content\/uploads\/2018\/01\/tigres-vs-sevilla-2-300x140.jpg 300w\" sizes=\"(max-width: 640px) 100vw, 640px\" \/> <img decoding=\"async\" loading=\"lazy\" class=\"aligncenter size-full wp-image-514910\" src=\"https:\/\/www.futboltotal.com.mx\/wp-content\/uploads\/2018\/01\/tigres-vs-sevilla-3.jpg\" alt=\"Guido Pizarro provoca &#8220;guerra&#8221; entre Tigres y Sevilla 2\" srcset=\"http:\/\/desarrollo.grupomedios.com\/futbol\/wp-content\/uploads\/2018\/01\/tigres-vs-sevilla-3.jpg 636w, http:\/\/desarrollo.grupomedios.com\/futbol\/wp-content\/uploads\/2018\/01\/tigres-vs-sevilla-3-300x277.jpg 300w\" sizes=\"(max-width: 636px) 100vw, 636px\" \/> <img decoding=\"async\" loading=\"lazy\" class=\"aligncenter size-full wp-image-514911\" src=\"https:\/\/www.futboltotal.com.mx\/wp-content\/uploads\/2018\/01\/tigres-vs-sevilla-4.jpg\" alt=\"Guido Pizarro provoca &#8220;guerra&#8221; entre Tigres y Sevilla 3\" srcset=\"http:\/\/desarrollo.grupomedios.com\/futbol\/wp-content\/uploads\/2018\/01\/tigres-vs-sevilla-4.jpg 638w, http:\/\/desarrollo.grupomedios.com\/futbol\/wp-content\/uploads\/2018\/01\/tigres-vs-sevilla-4-300x221.jpg 300w\" sizes=\"(max-width: 638px) 100vw, 638px\" \/> <img decoding=\"async\" loading=\"lazy\" class=\"aligncenter size-full wp-image-514912\" src=\"https:\/\/www.futboltotal.com.mx\/wp-content\/uploads\/2018\/01\/tigres-vs-sevilla.jpg\" alt=\"Guido Pizarro provoca &#8220;guerra&#8221; entre Tigres y Sevilla 4\" srcset=\"http:\/\/desarrollo.grupomedios.com\/futbol\/wp-content\/uploads\/2018\/01\/tigres-vs-sevilla.jpg 641w, http:\/\/desarrollo.grupomedios.com\/futbol\/wp-content\/uploads\/2018\/01\/tigres-vs-sevilla-300x158.jpg 300w\" sizes=\"(max-width: 641px) 100vw, 641px\" \/><\/p>\n<p style=\"text-align: center;\"><a href=\"https:\/\/www.futboltotal.com.mx\/futbol-mexicano\/liga-mx\/america-se-prepara-la-venta-edson-alvarez\/2018\/01\">VER M\u00c1S: Am\u00e9rica se prepara para la venta de Edson \u00c1lvarez<\/a><\/p>\n<p>&nbsp;<\/p>\n","protected":false},"excerpt":{"rendered":"<p>El mediocampista ha tenido una mala campa\u00f1a en Espa\u00f1a<\/p>\n","protected":false},"author":159,"featured_media":514913,"comment_status":"closed","ping_status":"closed","sticky":false,"template":"","format":"standard","meta":[],"categories":[3839,3844],"tags":[3991,6114,49,570],"_links":{"self":[{"href":"http:\/\/desarrollo.grupomedios.com\/futbol\/wp-json\/wp\/v2\/posts\/514907"}],"collection":[{"href":"http:\/\/desarrollo.grupomedios.com\/futbol\/wp-json\/wp\/v2\/posts"}],"about":[{"href":"http:\/\/desarrollo.grupomedios.com\/futbol\/wp-json\/wp\/v2\/types\/post"}],"author":[{"embeddable":true,"href":"http:\/\/desarrollo.grupomedios.com\/futbol\/wp-json\/wp\/v2\/users\/159"}],"replies":[{"embeddable":true,"href":"http:\/\/desarrollo.grupomedios.com\/futbol\/wp-json\/wp\/v2\/comments?post=514907"}],"version-history":[{"count":2,"href":"http:\/\/desarrollo.grupomedios.com\/futbol\/wp-json\/wp\/v2\/posts\/514907\/revisions"}],"predecessor-version":[{"id":514916,"href":"http:\/\/desarrollo.grupomedios.com\/futbol\/wp-json\/wp\/v2\/posts\/514907\/revisions\/514916"}],"wp:featuredmedia":[{"embeddable":true,"href":"http:\/\/desarrollo.grupomedios.com\/futbol\/wp-json\/wp\/v2\/media\/514913"}],"wp:attachment":[{"href":"http:\/\/desarrollo.grupomedios.com\/futbol\/wp-json\/wp\/v2\/media?parent=514907"}],"wp:term":[{"taxonomy":"category","embeddable":true,"href":"http:\/\/desarrollo.grupomedios.com\/futbol\/wp-json\/wp\/v2\/categories?post=514907"},{"taxonomy":"post_tag","embeddable":true,"href":"http:\/\/desarrollo.grupomedios.com\/futbol\/wp-json\/wp\/v2\/tags?post=514907"}],"curies":[{"name":"wp","href":"https:\/\/api.w.org\/{rel}","templated":true}]}}