{"id":514915,"date":"2018-01-18T09:08:34","date_gmt":"2018-01-18T15:08:34","guid":{"rendered":"https:\/\/www.futboltotal.com.mx\/?p=514915"},"modified":"2018-01-18T10:24:36","modified_gmt":"2018-01-18T16:24:36","slug":"chicharito-rechaza-gran-oferta-seguir-en-europa","status":"publish","type":"post","link":"http:\/\/desarrollo.grupomedios.com\/futbol\/destacado-home\/chicharito-rechaza-gran-oferta-seguir-en-europa\/2018\/01","title":{"rendered":"Chicharito rechaza gran oferta para seguir en Europa"},"content":{"rendered":"<p>El delantero mexicano,<a href=\"https:\/\/www.futboltotal.com.mx\/futbol-internacional\/mls-futbol-internacional\/los-angeles-fc-suena-contratar-a-chicharito-hernandez\/2018\/01\" target=\"_blank\" rel=\"noopener\"><strong> Javier &#8216;Chicharito&#8217; Hern\u00e1ndez<\/strong><\/a> <mark>rechaz\u00f3 una muy buena oferta por parte de <strong>Los Angeles FC<\/strong> pues su objetivo es el de mantenerse en Europa<\/mark>, a pesar de no tener los minutos que desea en el <strong>West Ham United<\/strong>, sobre todo despu\u00e9s de la llegada de<strong> David Moyes<\/strong>, quien lo ha mantenido en el banquillo.<\/p>\n<p>De acuerdo al\u00a0Daily Mail, e<mark>l conjunto de los <strong>Hammers<\/strong> est\u00e1 dispuesto a escuchar ofertas por el delantero azteca<\/mark>, sin embargo el jugador no est\u00e1 dispuesto a marcharse a otro continente, pues el desea estar en Europa ya que lo considera el de mejor nivel, sobre todo pensando que tiene en puertas la <strong>Copa del Mundo de Rusia 2018<\/strong>.<\/p>\n<p style=\"text-align: center;\"><a href=\"https:\/\/www.futboltotal.com.mx\/futbol-mexicano\/liga-mx\/galatasaray-se-fija-en-futbolista-santos-laguna\/2018\/01\">VER M\u00c1S: Galatasaray se fija en futbolista de Santos Laguna<\/a><\/p>\n<p><strong>Bob Bradley<\/strong> no va a poder contar con el delantero mexicano, al menos por el momento, a pesar de ser uno de los sue\u00f1os m\u00e1s grandes de la nueva franquicia, pues incluso el estratega lo reconoci\u00f3 hace algunos d\u00edas. Esperan que en un futuro no muy lejano se consume su llegada y lo haga para hacer dupla con el tambi\u00e9n atacante mexicano <strong>Carlos Vela<\/strong>.<\/p>\n<p>Javier Hern\u00e1ndez apenas<mark> suma dos partidos desde que se diera la llegada del entrenador escoc\u00e9s en el banquillo<\/mark> del equipo ingl\u00e9s, por lo que comenz\u00f3 a comentarse de gran manera que en este mercado invernal, el atacante mexicano podr\u00eda salir a otro equipo en busca de minutos por el motivo del Mundial.<\/p>\n<p style=\"text-align: center;\"><a href=\"https:\/\/www.futboltotal.com.mx\/futbol-internacional\/liga-de-espana\/guido-pizarro-provoca-guerra-entre-tigres-y-sevilla\/2018\/01\">VER M\u00c1S: Guido Pizarro provoca \u201cguerra\u201d entre Tigres y Sevilla<\/a><\/p>\n","protected":false},"excerpt":{"rendered":"<p>El mexicano tiene la firme intenci\u00f3n de mantenerse en Europa<\/p>\n","protected":false},"author":159,"featured_media":514917,"comment_status":"closed","ping_status":"closed","sticky":false,"template":"","format":"standard","meta":[],"categories":[5,3839,3846],"tags":[120,549,8503,3901],"_links":{"self":[{"href":"http:\/\/desarrollo.grupomedios.com\/futbol\/wp-json\/wp\/v2\/posts\/514915"}],"collection":[{"href":"http:\/\/desarrollo.grupomedios.com\/futbol\/wp-json\/wp\/v2\/posts"}],"about":[{"href":"http:\/\/desarrollo.grupomedios.com\/futbol\/wp-json\/wp\/v2\/types\/post"}],"author":[{"embeddable":true,"href":"http:\/\/desarrollo.grupomedios.com\/futbol\/wp-json\/wp\/v2\/users\/159"}],"replies":[{"embeddable":true,"href":"http:\/\/desarrollo.grupomedios.com\/futbol\/wp-json\/wp\/v2\/comments?post=514915"}],"version-history":[{"count":1,"href":"http:\/\/desarrollo.grupomedios.com\/futbol\/wp-json\/wp\/v2\/posts\/514915\/revisions"}],"predecessor-version":[{"id":514918,"href":"http:\/\/desarrollo.grupomedios.com\/futbol\/wp-json\/wp\/v2\/posts\/514915\/revisions\/514918"}],"wp:featuredmedia":[{"embeddable":true,"href":"http:\/\/desarrollo.grupomedios.com\/futbol\/wp-json\/wp\/v2\/media\/514917"}],"wp:attachment":[{"href":"http:\/\/desarrollo.grupomedios.com\/futbol\/wp-json\/wp\/v2\/media?parent=514915"}],"wp:term":[{"taxonomy":"category","embeddable":true,"href":"http:\/\/desarrollo.grupomedios.com\/futbol\/wp-json\/wp\/v2\/categories?post=514915"},{"taxonomy":"post_tag","embeddable":true,"href":"http:\/\/desarrollo.grupomedios.com\/futbol\/wp-json\/wp\/v2\/tags?post=514915"}],"curies":[{"name":"wp","href":"https:\/\/api.w.org\/{rel}","templated":true}]}}