{"id":514919,"date":"2018-01-18T09:33:45","date_gmt":"2018-01-18T15:33:45","guid":{"rendered":"https:\/\/www.futboltotal.com.mx\/?p=514919"},"modified":"2018-01-18T11:33:24","modified_gmt":"2018-01-18T17:33:24","slug":"neymar-cavani-protagonizan-nueva-polemica","status":"publish","type":"post","link":"http:\/\/desarrollo.grupomedios.com\/futbol\/futbol-internacional\/neymar-cavani-protagonizan-nueva-polemica\/2018\/01","title":{"rendered":"Neymar y Cavani protagonizan nueva pol\u00e9mica"},"content":{"rendered":"<p>Una vez m\u00e1s se ha dado un roce entre ambos sudamericanos, <strong>Neymar<\/strong> y <strong>Edinson Cavani<\/strong> son piezas fundamentales dentro del <a href=\"https:\/\/www.futboltotal.com.mx\/futbol-internacional\/liga-de-francia-futbol-internacional\/thiago-silva-pone-a-arder-vestuario-del-psg\/2018\/01\" target=\"_blank\" rel=\"noopener\"><strong>Paris Saint-Germain<\/strong><\/a>, pero la rivalidad que tienen por ser protagonistas dentro del terreno de juego ha provocado que ambos futbolistas caigan en pr\u00e1cticas que parecieran de &#8216;celos&#8217;.<\/p>\n<p>Esta batalla <mark>se present\u00f3 desde hace cuatro meses, cuando el uruguayo se neg\u00f3 a dejarle patear un penal al brasile\u00f1o<\/mark>, lo que desemboc\u00f3 en una fuerte discusi\u00f3n dentro del terreno de juego y que presuntamente se extendiera hasta los vestidores. El esc\u00e1ndalo parisino llev\u00f3 a que el estratega, <strong>Unai Emery<\/strong>, saliera ante la prensa para apaciguar la pol\u00e9mica.<\/p>\n<p style=\"text-align: center;\"><a href=\"https:\/\/www.futboltotal.com.mx\/futbol-mexicano\/liga-mx\/galatasaray-se-fija-en-futbolista-santos-laguna\/2018\/01\">VER M\u00c1S: Galatasaray se fija en futbolista de Santos Laguna<\/a><\/p>\n<p>En la goleada que le propinaron al Dijon este mi\u00e9rcoles, <mark>el <a href=\"https:\/\/www.futboltotal.com.mx\/futbol-internacional\/cavani-iguala-record-zlatan-psg\/2018\/01\" target=\"_blank\" rel=\"noopener\">&#8216;Matador&#8217; <\/a>logr\u00f3 empatar el r\u00e9cord de Zlatan Ibrahimovic<\/mark> como m\u00e1ximo goleador de la instituci\u00f3n, pero pudo haberlo superado cuando <mark>se present\u00f3 una pena m\u00e1xima y ahora los papeles se invirtieron, el brasile\u00f1o (que ya ten\u00eda tres goles) no dej\u00f3 cobrar al charr\u00faa y as\u00ed logr\u00f3 su p\u00f3ker<\/mark>, esto hizo que la afici\u00f3n silbara en contra del &#8217;10&#8217; parisino.<\/p>\n<blockquote class=\"twitter-video\" data-lang=\"es\">\n<p dir=\"ltr\" lang=\"es\">Los silbidos a <a href=\"https:\/\/twitter.com\/hashtag\/Neymar?src=hash&amp;ref_src=twsrc%5Etfw\">#Neymar<\/a> por no dejar patear el penal a <a href=\"https:\/\/twitter.com\/hashtag\/Cavani?src=hash&amp;ref_src=twsrc%5Etfw\">#Cavani<\/a> <a href=\"https:\/\/twitter.com\/hashtag\/PSG?src=hash&amp;ref_src=twsrc%5Etfw\">#PSG<\/a> <a href=\"https:\/\/t.co\/44SjlNPegG\">pic.twitter.com\/44SjlNPegG<\/a><\/p>\n<p>\u2014 Sebasti\u00e1n Amaya (@sebaamaya) <a href=\"https:\/\/twitter.com\/sebaamaya\/status\/954001611566780416?ref_src=twsrc%5Etfw\">18 de enero de 2018<\/a><\/p><\/blockquote>\n<p><script async src=\"https:\/\/platform.twitter.com\/widgets.js\" charset=\"utf-8\"><\/script><\/p>\n<p>Incluso en el final del encuentro, Neymar no se qued\u00f3 a festejar con sus compa\u00f1eros, prefiri\u00f3 tomar el esf\u00e9rico e irse de inmediato a los vestidores. Su compa\u00f1ero fue el \u00fanico que habl\u00f3 al respecto del tema;\u00a0<mark>&#8220;Neymar pudo haberle dado el bal\u00f3n y hubiera sido un bonito gesto de juego limpio<\/mark>. Pero en el papel era Neymar quien ten\u00eda que cobrar el penalti y el hizo eso&#8221;, &#8220;\u00e9l<strong>\u00a0<\/strong>es alguien que puede ser un poco impulsivo y tal vez algo resentido <mark>pero tiene un poco de raz\u00f3n porque hizo mucho para el equipo hoy y por el hecho que lo estuvieran silbando, no se lo tom\u00f3 muy bien<\/mark>&#8220;, declar\u00f3.<\/p>\n<blockquote class=\"twitter-video\" data-lang=\"es\">\n<p dir=\"ltr\" lang=\"es\">\u00bfComo hacer 4 goles e irte silbado por tu p\u00fablico?<br \/>\nLe hicieron falta a Cavani en el \u00e1rea. El p\u00fablico core\u00f3 su nombre. Superar\u00eda a Ibrahimovic. Pero a pesar de haber anotado 3 goles, Neymar no le permiti\u00f3 tirarlo. <a href=\"https:\/\/t.co\/G49n2Gb1Le\">pic.twitter.com\/G49n2Gb1Le<\/a><\/p>\n<p>\u2014 Valentin Fletcher (@vale_flet) <a href=\"https:\/\/twitter.com\/vale_flet\/status\/953996905205436417?ref_src=twsrc%5Etfw\">18 de enero de 2018<\/a><\/p><\/blockquote>\n<p><script async src=\"https:\/\/platform.twitter.com\/widgets.js\" charset=\"utf-8\"><\/script><\/p>\n<p style=\"text-align: center;\"><a href=\"https:\/\/www.futboltotal.com.mx\/futbol-internacional\/liga-de-espana\/guido-pizarro-provoca-guerra-entre-tigres-y-sevilla\/2018\/01\">VER M\u00c1S: Guido Pizarro provoca \u201cguerra\u201d entre Tigres y Sevilla<\/a><\/p>\n","protected":false},"excerpt":{"rendered":"<p>Los sudamericanos contin\u00faan peleando por el protagonismo en el equipo franc\u00e9s<\/p>\n","protected":false},"author":159,"featured_media":514920,"comment_status":"closed","ping_status":"closed","sticky":false,"template":"","format":"standard","meta":[],"categories":[3839,9609],"tags":[6037,408,6001,1376],"_links":{"self":[{"href":"http:\/\/desarrollo.grupomedios.com\/futbol\/wp-json\/wp\/v2\/posts\/514919"}],"collection":[{"href":"http:\/\/desarrollo.grupomedios.com\/futbol\/wp-json\/wp\/v2\/posts"}],"about":[{"href":"http:\/\/desarrollo.grupomedios.com\/futbol\/wp-json\/wp\/v2\/types\/post"}],"author":[{"embeddable":true,"href":"http:\/\/desarrollo.grupomedios.com\/futbol\/wp-json\/wp\/v2\/users\/159"}],"replies":[{"embeddable":true,"href":"http:\/\/desarrollo.grupomedios.com\/futbol\/wp-json\/wp\/v2\/comments?post=514919"}],"version-history":[{"count":2,"href":"http:\/\/desarrollo.grupomedios.com\/futbol\/wp-json\/wp\/v2\/posts\/514919\/revisions"}],"predecessor-version":[{"id":514937,"href":"http:\/\/desarrollo.grupomedios.com\/futbol\/wp-json\/wp\/v2\/posts\/514919\/revisions\/514937"}],"wp:featuredmedia":[{"embeddable":true,"href":"http:\/\/desarrollo.grupomedios.com\/futbol\/wp-json\/wp\/v2\/media\/514920"}],"wp:attachment":[{"href":"http:\/\/desarrollo.grupomedios.com\/futbol\/wp-json\/wp\/v2\/media?parent=514919"}],"wp:term":[{"taxonomy":"category","embeddable":true,"href":"http:\/\/desarrollo.grupomedios.com\/futbol\/wp-json\/wp\/v2\/categories?post=514919"},{"taxonomy":"post_tag","embeddable":true,"href":"http:\/\/desarrollo.grupomedios.com\/futbol\/wp-json\/wp\/v2\/tags?post=514919"}],"curies":[{"name":"wp","href":"https:\/\/api.w.org\/{rel}","templated":true}]}}