{"id":514922,"date":"2018-01-18T10:26:32","date_gmt":"2018-01-18T16:26:32","guid":{"rendered":"https:\/\/www.futboltotal.com.mx\/?p=514922"},"modified":"2018-01-18T10:29:50","modified_gmt":"2018-01-18T16:29:50","slug":"edwin-cardona-culpable-tendra-volver-a-rayados","status":"publish","type":"post","link":"http:\/\/desarrollo.grupomedios.com\/futbol\/futbol-mexicano\/edwin-cardona-culpable-tendra-volver-a-rayados\/2018\/01","title":{"rendered":"Edwin Cardona, de ser culpable tendr\u00e1 que volver a Rayados"},"content":{"rendered":"<p>El mediocampista colombiano, <strong>Edwin Cardona<\/strong> se encuentra en una situaci\u00f3n dif\u00edcil en estos momentos con el equipo de <strong>Boca Juniors<\/strong>, pues de nueva cuenta se ha metido en el ojo del hurac\u00e1n, algo que podr\u00eda repercutir de manera importante en su carrera, pues <mark>podr\u00eda darle su vuelta a la <strong>Liga MX<\/strong> con los <strong>Rayados de Monterrey<\/strong><\/mark>. Algo que el &#8217;10&#8217; deber\u00eda tener en cuenta en gran medida porque est\u00e1 en puertas la <strong>Copa del Mundo de Rusia 2018<\/strong>.<\/p>\n<p>El futbolista colombiano junto a su compa\u00f1ero<strong> Wilmar Barrios<\/strong> fueron <a href=\"https:\/\/www.futboltotal.com.mx\/futbol-internacional\/edwin-cardona-acusado-amenazar-cuchillo-a-dos-mujeres\/2018\/01\" target=\"_blank\" rel=\"noopener\">acusados de\u00a0haber amenazado con cuchillo <\/a>a dos mujeres, aunque posteriormente se oficializ\u00f3\u00a0formalmente la acusaci\u00f3n de abuso sexual cuando se encontraban en bajo el efecto de las drogas y el alcohol.\u00a0\u201cIndignado porque se est\u00e1n metiendo en la vida personal del jugador, como cuando no haces cosas como las que est\u00e1n poniendo&#8221;, expres\u00f3 el futbolista, sin embargo, posterior a ello salieron unos supuestos audios que lo vincular\u00edan de forma directa con el club.<\/p>\n<p style=\"text-align: center;\"><a href=\"https:\/\/www.futboltotal.com.mx\/futbol-mexicano\/liga-mx\/galatasaray-se-fija-en-futbolista-santos-laguna\/2018\/01\">VER M\u00c1S: Galatasaray se fija en futbolista de Santos Laguna<\/a><\/p>\n<p>De acuerdo con ESPN en caso que se confirme el esc\u00e1ndalo que vincula al colombiano <mark>Boca Juniors le rescindir\u00e1n sus contrato, por lo que tendr\u00eda que regresar con Rayados de Monterrey pues es due\u00f1o de su carta, los Xeneizes lo ten\u00edan a cambio de un pr\u00e9stamo por un a\u00f1o<\/mark>. Sin embargo se ver\u00eda complicado que se quedara en el primer equipo con los regios.<\/p>\n<p><strong>ESTO COMPLICA LA LLEGADA DE NICO GAIT\u00c1N.<\/strong> De igual manera esta situaci\u00f3n a hecho que los <strong>Xeneizes<\/strong> aceleren el proceso por el futbolista argentino del Atl\u00e9tico de Madrid, <strong>Nicol\u00e1s Gait\u00e1n<\/strong>, jugador por el que peleaban con <strong>Rayados<\/strong>. Esto ante la posible baja del colombiano para el primer semestre del 2018.<\/p>\n<p style=\"text-align: center;\"><a href=\"https:\/\/www.futboltotal.com.mx\/futbol-internacional\/neymar-cavani-protagonizan-nueva-polemica\/2018\/01\">VER M\u00c1S: Neymar y Cavani protagonizan nueva pol\u00e9mica<\/a><\/p>\n","protected":false},"excerpt":{"rendered":"<p>El colombiano est\u00e1 viviendo momentos complicados en Argentina luego que se envolvi\u00f3 en un esc\u00e1ndalo<\/p>\n","protected":false},"author":159,"featured_media":514924,"comment_status":"closed","ping_status":"closed","sticky":false,"template":"","format":"standard","meta":[],"categories":[2198,3845],"tags":[1683,9028,64,1329],"_links":{"self":[{"href":"http:\/\/desarrollo.grupomedios.com\/futbol\/wp-json\/wp\/v2\/posts\/514922"}],"collection":[{"href":"http:\/\/desarrollo.grupomedios.com\/futbol\/wp-json\/wp\/v2\/posts"}],"about":[{"href":"http:\/\/desarrollo.grupomedios.com\/futbol\/wp-json\/wp\/v2\/types\/post"}],"author":[{"embeddable":true,"href":"http:\/\/desarrollo.grupomedios.com\/futbol\/wp-json\/wp\/v2\/users\/159"}],"replies":[{"embeddable":true,"href":"http:\/\/desarrollo.grupomedios.com\/futbol\/wp-json\/wp\/v2\/comments?post=514922"}],"version-history":[{"count":3,"href":"http:\/\/desarrollo.grupomedios.com\/futbol\/wp-json\/wp\/v2\/posts\/514922\/revisions"}],"predecessor-version":[{"id":514927,"href":"http:\/\/desarrollo.grupomedios.com\/futbol\/wp-json\/wp\/v2\/posts\/514922\/revisions\/514927"}],"wp:featuredmedia":[{"embeddable":true,"href":"http:\/\/desarrollo.grupomedios.com\/futbol\/wp-json\/wp\/v2\/media\/514924"}],"wp:attachment":[{"href":"http:\/\/desarrollo.grupomedios.com\/futbol\/wp-json\/wp\/v2\/media?parent=514922"}],"wp:term":[{"taxonomy":"category","embeddable":true,"href":"http:\/\/desarrollo.grupomedios.com\/futbol\/wp-json\/wp\/v2\/categories?post=514922"},{"taxonomy":"post_tag","embeddable":true,"href":"http:\/\/desarrollo.grupomedios.com\/futbol\/wp-json\/wp\/v2\/tags?post=514922"}],"curies":[{"name":"wp","href":"https:\/\/api.w.org\/{rel}","templated":true}]}}