{"id":514936,"date":"2018-01-18T11:23:35","date_gmt":"2018-01-18T17:23:35","guid":{"rendered":"https:\/\/www.futboltotal.com.mx\/?p=514936"},"modified":"2018-01-18T11:25:27","modified_gmt":"2018-01-18T17:25:27","slug":"seleccion-mexicana-cae-en-primer-ranking-fifa-2018","status":"publish","type":"post","link":"http:\/\/desarrollo.grupomedios.com\/futbol\/destacado-home\/seleccion-mexicana-cae-en-primer-ranking-fifa-2018\/2018\/01","title":{"rendered":"Selecci\u00f3n Mexicana cae en primer ranking FIFA de 2018"},"content":{"rendered":"<p>La <strong>Selecci\u00f3n Mexicana<\/strong> comenz\u00f3 el 2018 de mala forma, pues cay\u00f3 un lugar ubic\u00e1ndose en el sitio 17, con esto baj\u00f3 un pelda\u00f1o con respecto al \u00faltimo conteo del a\u00f1o anterior donde le equipo de <strong>Juan Carlos Osorio<\/strong> hab\u00eda quedado en el lugar n\u00famero 16, en lo que comienza la cuenta regresiva para la<strong> Copa del Mundo de Rusia 2018<\/strong>.<\/p>\n<p>La parte alta de la tabla sigue siendo comandada por <strong>Alemania<\/strong>, seguido de\u00a0<strong>Brasil, Portugal, Argentina <\/strong>y<strong> B\u00e9lgica<\/strong>. Por su parte Espa\u00f1a qued\u00f3 en la sexta posici\u00f3n. Una de las que sorprende por su crecimiento fue Islandia que se qued\u00f3 en el vig\u00e9simo puesto, alguno que nunca le hab\u00eda sucedido al equipo.<\/p>\n<p style=\"text-align: center;\"><a href=\"https:\/\/www.futboltotal.com.mx\/futbol-mexicano\/liga-mx\/tigres-se-rie-de-ofretas-de-independiente-river-plate\/2018\/01\">VER M\u00c1S: Tigres se \u2018r\u00ede\u2019 de ofretas de Independiente y River Plate<\/a><\/p>\n<p>El pr\u00f3ximo 15 de febrero ser\u00e1 la actualizaci\u00f3n de la\u00a0clasificaci\u00f3n mundial de la FIFA. Por el momento estos son los primeros 20 puestos:<\/p>\n<div id=\"attachment_514939\" style=\"width: 698px\" class=\"wp-caption aligncenter\"><img aria-describedby=\"caption-attachment-514939\" decoding=\"async\" loading=\"lazy\" class=\"size-full wp-image-514939\" src=\"https:\/\/www.futboltotal.com.mx\/wp-content\/uploads\/2018\/01\/ranking-fifa-2018.jpg\" alt=\"El Tri qued\u00f3 en la posici\u00f3n 17\" srcset=\"http:\/\/desarrollo.grupomedios.com\/futbol\/wp-content\/uploads\/2018\/01\/ranking-fifa-2018.jpg 688w, http:\/\/desarrollo.grupomedios.com\/futbol\/wp-content\/uploads\/2018\/01\/ranking-fifa-2018-297x300.jpg 297w\" sizes=\"(max-width: 688px) 100vw, 688px\" \/><p id=\"caption-attachment-514939\" class=\"wp-caption-text\">M\u00e9xico cay\u00f3 un pelda\u00f1o en el primer ranking FIFA del 2018<\/p><\/div>\n<p style=\"text-align: center;\"><a href=\"https:\/\/www.futboltotal.com.mx\/futbol-mexicano\/liga-mx\/edwin-cardona-culpable-tendra-volver-a-rayados\/2018\/01\">VER M\u00c1S: Edwin Cardona, de ser culpable tendr\u00e1 que volver a Rayados<\/a><\/p>\n<p>&nbsp;<\/p>\n","protected":false},"excerpt":{"rendered":"<p>La Selecci\u00f3n Mexicana comenz\u00f3 el 2018 de mala forma, pues cay\u00f3 un lugar ubic\u00e1ndose en el sitio 17, con esto baj\u00f3 un pelda\u00f1o con respecto al \u00faltimo conteo del a\u00f1o anterior donde le equipo de Juan Carlos Osorio hab\u00eda quedado en el lugar n\u00famero 16, en lo que comienza la cuenta regresiva para la Copa [&hellip;]<\/p>\n","protected":false},"author":159,"featured_media":514940,"comment_status":"closed","ping_status":"closed","sticky":false,"template":"","format":"standard","meta":[],"categories":[5,2198,3847],"tags":[361,6196,65,409],"_links":{"self":[{"href":"http:\/\/desarrollo.grupomedios.com\/futbol\/wp-json\/wp\/v2\/posts\/514936"}],"collection":[{"href":"http:\/\/desarrollo.grupomedios.com\/futbol\/wp-json\/wp\/v2\/posts"}],"about":[{"href":"http:\/\/desarrollo.grupomedios.com\/futbol\/wp-json\/wp\/v2\/types\/post"}],"author":[{"embeddable":true,"href":"http:\/\/desarrollo.grupomedios.com\/futbol\/wp-json\/wp\/v2\/users\/159"}],"replies":[{"embeddable":true,"href":"http:\/\/desarrollo.grupomedios.com\/futbol\/wp-json\/wp\/v2\/comments?post=514936"}],"version-history":[{"count":1,"href":"http:\/\/desarrollo.grupomedios.com\/futbol\/wp-json\/wp\/v2\/posts\/514936\/revisions"}],"predecessor-version":[{"id":514941,"href":"http:\/\/desarrollo.grupomedios.com\/futbol\/wp-json\/wp\/v2\/posts\/514936\/revisions\/514941"}],"wp:featuredmedia":[{"embeddable":true,"href":"http:\/\/desarrollo.grupomedios.com\/futbol\/wp-json\/wp\/v2\/media\/514940"}],"wp:attachment":[{"href":"http:\/\/desarrollo.grupomedios.com\/futbol\/wp-json\/wp\/v2\/media?parent=514936"}],"wp:term":[{"taxonomy":"category","embeddable":true,"href":"http:\/\/desarrollo.grupomedios.com\/futbol\/wp-json\/wp\/v2\/categories?post=514936"},{"taxonomy":"post_tag","embeddable":true,"href":"http:\/\/desarrollo.grupomedios.com\/futbol\/wp-json\/wp\/v2\/tags?post=514936"}],"curies":[{"name":"wp","href":"https:\/\/api.w.org\/{rel}","templated":true}]}}