{"id":514949,"date":"2018-01-18T12:08:59","date_gmt":"2018-01-18T18:08:59","guid":{"rendered":"https:\/\/www.futboltotal.com.mx\/?p=514949"},"modified":"2018-01-18T12:08:59","modified_gmt":"2018-01-18T18:08:59","slug":"jugadora-denuncio-a-seleccion-noruega-compartir-fotos-desnuda","status":"publish","type":"post","link":"http:\/\/desarrollo.grupomedios.com\/futbol\/no-todo-es-futbol\/jugadora-denuncio-a-seleccion-noruega-compartir-fotos-desnuda\/2018\/01","title":{"rendered":"Jugadora denunci\u00f3 a Selecci\u00f3n de Noruega de compartir fotos desnuda"},"content":{"rendered":"<p>La <strong>selecci\u00f3n masculina noruega<\/strong> de balonmano, que disputa el <strong>Europeo de Zagreb<\/strong>, se ha visto sacudida por las acusaciones de <strong>Nora Mork<\/strong>, estrella del equipo femenino, contra varios jugadores por difundir supuestamente fotos suyas desnuda, que meses antes hab\u00edan sido robadas de su tel\u00e9fono m\u00f3vil.<\/p>\n<p><strong>Mork<\/strong> ha arremetido contra el conjunto masculino y contra la <strong>Federaci\u00f3n Noruega<\/strong>, a la que acusa de encubrir el caso.<\/p>\n<p>Le ha exigido disculpas p\u00fablicas y ha amenazado adem\u00e1s con dejar la selecci\u00f3n, con la que suma tres oros europeos, uno mundial y una plata en R\u00edo 2016.<\/p>\n<p style=\"text-align: center;\"><span style=\"color: #3366ff;\"><a href=\"https:\/\/www.futboltotal.com.mx\/no-todo-es-futbol\/kelly-kelly-regresera-a-la-wwe\/2018\/01\">VER M\u00c1S: \u00a1Sexy exdiva estar\u00e1 de regreso en la WWE!<\/a><\/span><\/p>\n<p>Sus acusaciones pueden provocar un cisma en el balonmano noruego, potencia mundial en categor\u00eda femenina y en auge en la masculina, con un cuarto puesto en el Europeo 2016 y una sorprendente plata en el <strong>Mundial<\/strong> del a\u00f1o pasado.<\/p>\n<p>Fue la propia Mork, jugadora del<strong> Gy\u00f6ri<\/strong> h\u00fangaro, de 26 a\u00f1os, quien revel\u00f3 en noviembre entre l\u00e1grimas en una entrevista al canal noruego TV2 que su m\u00f3vil hab\u00eda sido &#8220;hackeado&#8221; dos meses atr\u00e1s y que fotos privadas suyas hab\u00edan sido difundidas en las redes sociales.<\/p>\n<p>Recibi\u00f3 el apoyo p\u00fablico de las principales instituciones del deporte noruego y de pol\u00edticos, incluida la primera ministra, Erna Solberg; y tras admitir un joven ser el autor del delito, denunci\u00f3 luego a quince personas m\u00e1s por difundir las im\u00e1genes.<\/p>\n<p>Su bajo estado de \u00e1nimo no le impidi\u00f3 brillar en el Mundial del mes pasado en Alemania, donde adem\u00e1s de lograr la plata, fue m\u00e1xima goleadora y elegida en el siete ideal del torneo.<\/p>\n<p>Cuando el caso parec\u00eda olvidado, Mork concedi\u00f3 una entrevista el martes al <em>diario VG<\/em> en la que aseguraba que sus compa\u00f1eros hab\u00edan compartido las fotos y criticaba a la federaci\u00f3n por encubrir el caso para no enturbiar la actuaci\u00f3n del equipo masculino, que justo ese d\u00eda se jugaba el pase a la segunda ronda.<\/p>\n<p>El presidente de la federaci\u00f3n, K\u00e5re Geir Lio, neg\u00f3 haber tapado la historia y asegur\u00f3 que lo que \u00fanico que sab\u00eda era que varios jugadores hab\u00edan recibido las im\u00e1genes en sus m\u00f3viles y las hab\u00edan borrado, que se hab\u00eda reunido varias veces con las partes y que el lunes le hab\u00eda enviado una disculpa privada a la jugadora.<\/p>\n<p style=\"text-align: center;\"><span style=\"color: #3366ff;\"><a href=\"https:\/\/www.futboltotal.com.mx\/no-todo-es-futbol\/nfl\/danica-patrick-confirma-romance-aaron-rodgers\/2018\/01\">VER M\u00c1S: Danica Patrick confirma su romance con Aaron Rodgers<\/a><\/span><\/p>\n<p>Pesos pesados del equipo masculino reaccionaron con sorpresa, censurando el momento y el modo elegidos para contar el caso y reiteraron que hab\u00edan sido ellos los que avisaron a la jugadora de que su tel\u00e9fono hab\u00eda sido &#8220;hackeado&#8221;.<\/p>\n<p>&#8220;Fue muy importante para m\u00ed contarle que todo el equipo estaba de su lado y la apoyaba. Seguramente estaba hundida entonces y lo sigue estando, pero cre\u00edmos necesario que supiera que no compartimos las fotos ni nos re\u00edmos de ella&#8221;, dijo el capit\u00e1n del equipo, Bjarte Myrhol, quien la llam\u00f3 personalmente por tel\u00e9fono.<\/p>\n<p>Otra de las estrellas noruegas, el central Sander Sagosen, confes\u00f3 que el equipo estaba muy afectado y aunque ten\u00eda &#8220;respeto total&#8221; por Mork, le afe\u00f3 haber ofrecido una imagen &#8220;injusta&#8221; de ellos.<\/p>\n<p>&#8220;Sali\u00f3 a los medios a decir que hab\u00edamos estado mirando las fotos y ri\u00e9ndonos de ella. Eso no es cierto. Est\u00e1 claro que no te quedas con buenas sensaciones cuando el diario m\u00e1s grande de Noruega dice en portada que has acosado a alguien sexualmente&#8221;, declar\u00f3 Sagosen.<\/p>\n<p>Mork ha dicho no entender c\u00f3mo alguien puede considerar raro el momento elegido para difundir la historia y sostiene que el caso deb\u00eda haberse solucionado hace tiempo.<\/p>\n<p>&#8220;Pido comprensi\u00f3n, no he podido controlar los tiempos, soy prisionera de hombres de la c\u00fapula del deporte que no han ayudado. Son ellos los que no quieren darme una disculpa p\u00fablica y me han obligado a sacarlo a la luz&#8221;, afirm\u00f3 Mork, a la que han apoyado en una carta seis de sus compa\u00f1eras.<\/p>\n","protected":false},"excerpt":{"rendered":"<p>Nora Mork denunci\u00f3 a varios jugadores por difundir supuestamente fotos suyas desnuda.<\/p>\n","protected":false},"author":129,"featured_media":514950,"comment_status":"closed","ping_status":"closed","sticky":false,"template":"","format":"standard","meta":[],"categories":[5418,6411],"tags":[5460,5771,5461],"_links":{"self":[{"href":"http:\/\/desarrollo.grupomedios.com\/futbol\/wp-json\/wp\/v2\/posts\/514949"}],"collection":[{"href":"http:\/\/desarrollo.grupomedios.com\/futbol\/wp-json\/wp\/v2\/posts"}],"about":[{"href":"http:\/\/desarrollo.grupomedios.com\/futbol\/wp-json\/wp\/v2\/types\/post"}],"author":[{"embeddable":true,"href":"http:\/\/desarrollo.grupomedios.com\/futbol\/wp-json\/wp\/v2\/users\/129"}],"replies":[{"embeddable":true,"href":"http:\/\/desarrollo.grupomedios.com\/futbol\/wp-json\/wp\/v2\/comments?post=514949"}],"version-history":[{"count":1,"href":"http:\/\/desarrollo.grupomedios.com\/futbol\/wp-json\/wp\/v2\/posts\/514949\/revisions"}],"predecessor-version":[{"id":514951,"href":"http:\/\/desarrollo.grupomedios.com\/futbol\/wp-json\/wp\/v2\/posts\/514949\/revisions\/514951"}],"wp:featuredmedia":[{"embeddable":true,"href":"http:\/\/desarrollo.grupomedios.com\/futbol\/wp-json\/wp\/v2\/media\/514950"}],"wp:attachment":[{"href":"http:\/\/desarrollo.grupomedios.com\/futbol\/wp-json\/wp\/v2\/media?parent=514949"}],"wp:term":[{"taxonomy":"category","embeddable":true,"href":"http:\/\/desarrollo.grupomedios.com\/futbol\/wp-json\/wp\/v2\/categories?post=514949"},{"taxonomy":"post_tag","embeddable":true,"href":"http:\/\/desarrollo.grupomedios.com\/futbol\/wp-json\/wp\/v2\/tags?post=514949"}],"curies":[{"name":"wp","href":"https:\/\/api.w.org\/{rel}","templated":true}]}}