{"id":514968,"date":"2018-01-18T15:58:11","date_gmt":"2018-01-18T21:58:11","guid":{"rendered":"https:\/\/www.futboltotal.com.mx\/?p=514968"},"modified":"2018-01-18T15:58:11","modified_gmt":"2018-01-18T21:58:11","slug":"coutinho-usara-dorsal-14-porque-7-esta-esperando-dueno","status":"publish","type":"post","link":"http:\/\/desarrollo.grupomedios.com\/futbol\/futbol-internacional\/coutinho-usara-dorsal-14-porque-7-esta-esperando-dueno\/2018\/01","title":{"rendered":"Coutinho usar\u00e1 el dorsal &#8217;14&#8217;, el &#8216;7&#8217; est\u00e1 esperando due\u00f1o"},"content":{"rendered":"<p>El <a href=\"https:\/\/www.futboltotal.com.mx\/futbol-internacional\/liga-de-espana\/te-acuerdas-dia-bernabeu-aplaudio-a-ronaldinho\/2018\/01\" target=\"_blank\" rel=\"noopener\"><strong>FC Barcelona<\/strong><\/a> consum\u00f3 la llegada de<strong>\u00a0Philippe Coutinho<\/strong>, lo que fue una transacci\u00f3n importante para los blaugranas en este mercado de pases, sin embargo no ser\u00eda el \u00fanico estelar que est\u00e1n esperando los catalanes, pues estar\u00edan guardando incluso el dorsal para otra contrataci\u00f3n especial. De entrada cuando el brasile\u00f1o fue presentado, su camiseta solo ten\u00eda su apellido.<\/p>\n<p><mark>A pesar que muchos especularon que ser\u00eda el &#8216;7&#8217; que dej\u00f3\u00a0Arda Turan luego que se diera su salida al futbol turco, inclusive la tienda del equipo comenz\u00f3 a vender la camiseta con ese dorsal, pero al final se quedar\u00e1 con el &#8217;14&#8217;<\/mark> que dejar\u00e1 libre\u00a0<strong>Javier Mascherano<\/strong>, otro de los elementos que se marchar\u00e1n del equipo catal\u00e1n.<\/p>\n<p style=\"text-align: center;\"><a href=\"https:\/\/www.futboltotal.com.mx\/futbol-mexicano\/liga-mx\/edwin-cardona-culpable-tendra-volver-a-rayados\/2018\/01\">VER M\u00c1S: Edwin Cardona, de ser culpable tendr\u00e1 que volver a Rayados<\/a><\/p>\n<p>Coutinho no ha podido estrenarse en el terreno de juego porque lleg\u00f3 lesionado, <mark>pero dentro de 20 d\u00edas por fin se sabr\u00e1 el dorsal que va a ocupar<\/mark>, que como se ha dicho no ser\u00eda el que dej\u00f3 Turan. Se comienza a pensar el por qu\u00e9 de esta decisi\u00f3n, al ya estar disponible el dorsal ante la salida del turco no se le fue otorgado.<\/p>\n<p>Pero lo que parece indicar que est\u00e1 siendo reservado a un futbolista, el cual por el esfuerzo econ\u00f3mico realizado no pudo desembarcar en Barcelona para este mercado de fichajes, pero se espera que en verano se logre su llegada y se trata de\u00a0<strong>Antoine Griezmann<\/strong>, quien ser\u00eda due\u00f1o de ese dorsal y dejar\u00eda al <strong>Atl\u00e9tico de Madrid<\/strong> para llegar con los catalanes posterior a <strong>Rusia 2018.<\/strong><\/p>\n<p style=\"text-align: center;\"><a href=\"https:\/\/www.futboltotal.com.mx\/futbol-internacional\/liga-de-inglaterra\/arsene-wenger-confirma-intercambio-arsenal-manchester-united\/2018\/01\">VER M\u00c1S: Arsene Wenger confirma intercambio entre Arsenal y ManU<\/a><\/p>\n<p>&nbsp;<\/p>\n","protected":false},"excerpt":{"rendered":"<p>El cuadro del Barcelona est\u00e1 reservando ese n\u00famero para otro fichaje<\/p>\n","protected":false},"author":159,"featured_media":514969,"comment_status":"closed","ping_status":"closed","sticky":false,"template":"","format":"standard","meta":[],"categories":[3839,3844],"tags":[5191,5984,6114,2669],"_links":{"self":[{"href":"http:\/\/desarrollo.grupomedios.com\/futbol\/wp-json\/wp\/v2\/posts\/514968"}],"collection":[{"href":"http:\/\/desarrollo.grupomedios.com\/futbol\/wp-json\/wp\/v2\/posts"}],"about":[{"href":"http:\/\/desarrollo.grupomedios.com\/futbol\/wp-json\/wp\/v2\/types\/post"}],"author":[{"embeddable":true,"href":"http:\/\/desarrollo.grupomedios.com\/futbol\/wp-json\/wp\/v2\/users\/159"}],"replies":[{"embeddable":true,"href":"http:\/\/desarrollo.grupomedios.com\/futbol\/wp-json\/wp\/v2\/comments?post=514968"}],"version-history":[{"count":1,"href":"http:\/\/desarrollo.grupomedios.com\/futbol\/wp-json\/wp\/v2\/posts\/514968\/revisions"}],"predecessor-version":[{"id":514971,"href":"http:\/\/desarrollo.grupomedios.com\/futbol\/wp-json\/wp\/v2\/posts\/514968\/revisions\/514971"}],"wp:featuredmedia":[{"embeddable":true,"href":"http:\/\/desarrollo.grupomedios.com\/futbol\/wp-json\/wp\/v2\/media\/514969"}],"wp:attachment":[{"href":"http:\/\/desarrollo.grupomedios.com\/futbol\/wp-json\/wp\/v2\/media?parent=514968"}],"wp:term":[{"taxonomy":"category","embeddable":true,"href":"http:\/\/desarrollo.grupomedios.com\/futbol\/wp-json\/wp\/v2\/categories?post=514968"},{"taxonomy":"post_tag","embeddable":true,"href":"http:\/\/desarrollo.grupomedios.com\/futbol\/wp-json\/wp\/v2\/tags?post=514968"}],"curies":[{"name":"wp","href":"https:\/\/api.w.org\/{rel}","templated":true}]}}