{"id":514975,"date":"2018-01-18T16:45:55","date_gmt":"2018-01-18T22:45:55","guid":{"rendered":"https:\/\/www.futboltotal.com.mx\/?p=514975"},"modified":"2018-01-18T16:45:55","modified_gmt":"2018-01-18T22:45:55","slug":"leganes-0-real-madrid-1-copa-del-rey-2018-resumen","status":"publish","type":"post","link":"http:\/\/desarrollo.grupomedios.com\/futbol\/destacado-home\/leganes-0-real-madrid-1-copa-del-rey-2018-resumen\/2018\/01","title":{"rendered":"Real Madrid logra flojo triunfo en Copa del Rey gracias a Asensio"},"content":{"rendered":"<p>El <strong>Real Madrid<\/strong> dej\u00f3 bien encarrilada su eliminatoria de cuartos de final de la <strong>Copa del Rey<\/strong> ante el <strong>Legan\u00e9s<\/strong> (0-1) gracias a un tanto de <strong>Marco Asensio<\/strong> (minuto 89), quien salv\u00f3 a los suyos en un partido gris.<\/p>\n<p>Comenz\u00f3 el choque con el Real Madrid monopolizando la posesi\u00f3n mientras estudiaba c\u00f3mo hacer da\u00f1o al rival. Este, juntas las l\u00edneas y parapetado en mitad propia, se limitaba a bascular al ritmo del bal\u00f3n sin permitir la progresi\u00f3n mediante el pase.<\/p>\n<p>La situaci\u00f3n provoc\u00f3 un ritmo lento, solo roto por las proyecciones ofensivas de los laterales blancos y los balones largos del anfitri\u00f3n. Estos propiciaban carreras cuerpo a cuerpo entre los atacantes y los zagueros que siempre ca\u00edan del lado de los segundos.<\/p>\n<p>Algunas las gan\u00f3 Vallejo durante el tiempo que estuvo en el campo, menos de quince minutos. Una lesi\u00f3n muscular le oblig\u00f3 a dejar su sitio a <strong>Nacho<\/strong>. Fue lo \u00fanico noticiable a lo largo del tramo inicial.<\/p>\n<p style=\"text-align: center;\"><a href=\"https:\/\/www.futboltotal.com.mx\/futbol-internacional\/liga-de-espana\/coutinho-usara-dorsal-14-porque-7-esta-esperando-dueno\/2018\/01\">VER M\u00c1S: Coutinho usar\u00e1 el dorsal \u201914\u2019, el \u20187\u2019 est\u00e1 esperando due\u00f1o<\/a><\/p>\n<p>La ocasi\u00f3n m\u00e1s clara no lleg\u00f3 por m\u00e9rito suyo sino por dem\u00e9rito del Legan\u00e9s. Un fallo de Rub\u00e9n P\u00e9rez al borde del \u00e1rea, algo poco habitual en el centrocampista andaluz, dej\u00f3 a<strong> Kovacic<\/strong> solo ante el portero. El croata, que solo necesitaba temple para definir, tir\u00f3 fuera. Desde ah\u00ed al descanso la defensa \u00fanicamente tuvo que hacer esfuerzo extra para sacar bajo palos un disparo de <strong>Carvajal<\/strong> tras jugada ensayada.<\/p>\n<p>El Real Madrid no terminaba de reaccionar, sucedi\u00f3 que acabaron anim\u00e1ndose los locales. El primer aviso lo dio Naranjo con un centro que toc\u00f3 <strong>Casilla<\/strong> y nadie lleg\u00f3 a rematar. Sin embargo m\u00e1s cerca del gol estuvieron despu\u00e9s cuando <strong>Llorente<\/strong> roz\u00f3 una falta lateral y solo el larguero impidi\u00f3 que introdujera el esf\u00e9rico en su propia porter\u00eda.<\/p>\n<p>Para cicatrizar la herida y poner algo de luz acudi\u00f3 Zidane al banquillo en busca de dos recursos de lujo, <strong>Modric<\/strong> e <strong>Isco<\/strong>. Cambi\u00f3 tambi\u00e9n caras Garitano, otorg\u00e1ndole protagonismo a <strong>Brasanac y Amrabat<\/strong>. El marroqu\u00ed, todo \u00edmpetu y potencia, inquiet\u00f3 desde su irrupci\u00f3n sirviendo un centro medido al segundo palo que Beauvue enganch\u00f3 de volea. Casilla evit\u00f3 el tanto con una gran parada.<\/p>\n<p>Cuando el enfrentamiento agonizaba y el Real Madrid ya se preparaba para seguir cargando con las cr\u00edticas, resolvi\u00f3 la ecuaci\u00f3n. Una apertura a banda izquierda la recibi\u00f3<strong> Theo<\/strong> y su centro lo culmin\u00f3 en el primer palo Asensio. Sin arabescos y sin brillantez pero con la eliminatoria de cara, los blancos ganan tiempo deseando que los nubarrones se vayan y vuelva el brillo.<\/p>\n<blockquote class=\"twitter-video\" data-lang=\"es\">\n<p dir=\"ltr\" lang=\"es\">\u26bd\ufe0f&#x1f525;El golazo de Marco Asensio que alivio al madridismo y dej\u00f3 la eliminatoria sentenciada, que grande que es el mallorqu\u00edn. <a href=\"https:\/\/t.co\/FRBPI6K5GV\">pic.twitter.com\/FRBPI6K5GV<\/a><\/p>\n<p>\u2014 Madridismo Y Mucho M\u00e1s (@Madridismo_MM) <a href=\"https:\/\/twitter.com\/Madridismo_MM\/status\/954120464351277058?ref_src=twsrc%5Etfw\">18 de enero de 2018<\/a><\/p><\/blockquote>\n<p><script async src=\"https:\/\/platform.twitter.com\/widgets.js\" charset=\"utf-8\"><\/script><\/p>\n<p style=\"text-align: center;\"><a href=\"https:\/\/www.futboltotal.com.mx\/futbol-mexicano\/liga-mx\/edwin-cardona-culpable-tendra-volver-a-rayados\/2018\/01\">VER M\u00c1S: Edwin Cardona, de ser culpable tendr\u00e1 que volver a Rayados<\/a><\/p>\n","protected":false},"excerpt":{"rendered":"<p>El cuadro suplente de los merengues no luci\u00f3 y gan\u00f3 con la m\u00ednima diferencia<\/p>\n","protected":false},"author":159,"featured_media":514978,"comment_status":"closed","ping_status":"closed","sticky":false,"template":"","format":"standard","meta":[],"categories":[5,3839,3844],"tags":[96,8076,6116,5988],"_links":{"self":[{"href":"http:\/\/desarrollo.grupomedios.com\/futbol\/wp-json\/wp\/v2\/posts\/514975"}],"collection":[{"href":"http:\/\/desarrollo.grupomedios.com\/futbol\/wp-json\/wp\/v2\/posts"}],"about":[{"href":"http:\/\/desarrollo.grupomedios.com\/futbol\/wp-json\/wp\/v2\/types\/post"}],"author":[{"embeddable":true,"href":"http:\/\/desarrollo.grupomedios.com\/futbol\/wp-json\/wp\/v2\/users\/159"}],"replies":[{"embeddable":true,"href":"http:\/\/desarrollo.grupomedios.com\/futbol\/wp-json\/wp\/v2\/comments?post=514975"}],"version-history":[{"count":1,"href":"http:\/\/desarrollo.grupomedios.com\/futbol\/wp-json\/wp\/v2\/posts\/514975\/revisions"}],"predecessor-version":[{"id":514979,"href":"http:\/\/desarrollo.grupomedios.com\/futbol\/wp-json\/wp\/v2\/posts\/514975\/revisions\/514979"}],"wp:featuredmedia":[{"embeddable":true,"href":"http:\/\/desarrollo.grupomedios.com\/futbol\/wp-json\/wp\/v2\/media\/514978"}],"wp:attachment":[{"href":"http:\/\/desarrollo.grupomedios.com\/futbol\/wp-json\/wp\/v2\/media?parent=514975"}],"wp:term":[{"taxonomy":"category","embeddable":true,"href":"http:\/\/desarrollo.grupomedios.com\/futbol\/wp-json\/wp\/v2\/categories?post=514975"},{"taxonomy":"post_tag","embeddable":true,"href":"http:\/\/desarrollo.grupomedios.com\/futbol\/wp-json\/wp\/v2\/tags?post=514975"}],"curies":[{"name":"wp","href":"https:\/\/api.w.org\/{rel}","templated":true}]}}