{"id":514981,"date":"2018-01-19T07:30:10","date_gmt":"2018-01-19T13:30:10","guid":{"rendered":"https:\/\/www.futboltotal.com.mx\/?p=514981"},"modified":"2018-01-19T07:59:41","modified_gmt":"2018-01-19T13:59:41","slug":"antoine-griezmann-esto-lo-que-acerca-al-fc-barcelona","status":"publish","type":"post","link":"http:\/\/desarrollo.grupomedios.com\/futbol\/futbol-internacional\/antoine-griezmann-esto-lo-que-acerca-al-fc-barcelona\/2018\/01","title":{"rendered":"Antoine Griezmann: esto es lo que le acerca al FC Barcelona"},"content":{"rendered":"<p>El cuadro del<strong> FC Barcelona<\/strong> ya contrat\u00f3 un bombazo como lo fue el brasile\u00f1o <strong>Philippe Coutinho<\/strong>, un fichaje que cost\u00f3 160 millones de euros, lo que ha sido un aut\u00e9ntico parteaguas para los catalanes, sin embargo el anhelo que tienen todav\u00eda no est\u00e1 palomeado en su lista de pendientes, pues sue\u00f1an con completar un aut\u00e9ntico ataque de miedo con el franc\u00e9s <strong>Antoine Griezmann<\/strong>.<\/p>\n<p><mark>LOS INTENTOS.<\/mark> El fichaje del delantero del Atl\u00e9tico de Madrid ha ido tomando forma, desde 2016 el cuadro catal\u00e1n le viene siguiendo la pista, pero el a\u00f1o pasado fue cuando se dieron los primeros acercamientos reales por el jugador, sin embargo la raz\u00f3n de peso para no ficharlo fue que el mismo futbolista no deseo salir del cuadro Colchonero ya que <strong>Atl\u00e9tico de Madrid no pod\u00eda fichar y buscar un reemplazo<\/strong>.<\/p>\n<p style=\"text-align: center;\"><a href=\"https:\/\/www.futboltotal.com.mx\/futbol-mexicano\/liga-mx\/edwin-cardona-culpable-tendra-volver-a-rayados\/2018\/01\">VER M\u00c1S: Edwin Cardona, de ser culpable tendr\u00e1 que volver a Rayados<\/a><\/p>\n<p><mark>ACCESIBLE.<\/mark> Ahora se sabe que con la llegada de <strong>Diego Costa<\/strong>, el Atleti ya tiene un delantero que tome el lugar del franc\u00e9s, por lo que su marcha ya tiene v\u00eda libre. Adem\u00e1s de la mala temporada que est\u00e1 teniendo, el atacante parece id\u00f3neo para dejar en estos momentos a los Colchoneros, pues su cl\u00e1usula es muy baja (<strong>100 millones de euros<\/strong>), tomando en cuenta las cifras que se manejan hoy en d\u00eda, por lo que si quieren sacarle provecho, debe ser ahora o nunca.<\/p>\n<p><mark>LA OFERTA.<\/mark> El Barcelona le ofrecer\u00eda un contrato por cinco a\u00f1os, igual que lo hicieran con sus \u00faltimas dos adquisiciones (\u00a0<strong>Ousmane Demb\u00e9l\u00e9<\/strong>\u00a0y\u00a0<strong>Philippe Coutinho<\/strong>), mientras que le ofrecer\u00edan un salario que llegar\u00eda a\u00a015 millones de euros, que ser\u00eda el mismo que tiene actualmente Luis Su\u00e1rez y solo superado por <strong>Lionel Messi<\/strong>.<\/p>\n<p><mark>YA LE GUARDAN SU LUGAR.<\/mark> El cuadro blaugrana le dio el dorsal n\u00famero<strong> &#8217;14&#8217;<\/strong> a <strong>Philippe Coutinho,<\/strong>\u00a0a pesar que se especulaba ser\u00eda el &#8216;7&#8217; una vez que se consum\u00f3 la salida de <strong>Arda Turan<\/strong>, pero se ha comenzado a especular que se le est\u00e1n guardando al franc\u00e9s para el verano de este a\u00f1o, cuando se consumar\u00e1 su llegada.<strong>\u00a0<\/strong><\/p>\n<p style=\"text-align: center;\"><a href=\"https:\/\/www.futboltotal.com.mx\/futbol-internacional\/liga-de-inglaterra\/arsene-wenger-confirma-intercambio-arsenal-manchester-united\/2018\/01\">VER M\u00c1S: Arsene Wenger confirma intercambio entre Arsenal y ManU<\/a><\/p>\n","protected":false},"excerpt":{"rendered":"<p>El franc\u00e9s llegar\u00eda como fichaje estelar de los cul\u00e9s para el verano de este a\u00f1o<\/p>\n","protected":false},"author":159,"featured_media":514984,"comment_status":"closed","ping_status":"closed","sticky":false,"template":"","format":"standard","meta":[],"categories":[7570,3839,3844],"tags":[5191,6007,1083,6114],"_links":{"self":[{"href":"http:\/\/desarrollo.grupomedios.com\/futbol\/wp-json\/wp\/v2\/posts\/514981"}],"collection":[{"href":"http:\/\/desarrollo.grupomedios.com\/futbol\/wp-json\/wp\/v2\/posts"}],"about":[{"href":"http:\/\/desarrollo.grupomedios.com\/futbol\/wp-json\/wp\/v2\/types\/post"}],"author":[{"embeddable":true,"href":"http:\/\/desarrollo.grupomedios.com\/futbol\/wp-json\/wp\/v2\/users\/159"}],"replies":[{"embeddable":true,"href":"http:\/\/desarrollo.grupomedios.com\/futbol\/wp-json\/wp\/v2\/comments?post=514981"}],"version-history":[{"count":1,"href":"http:\/\/desarrollo.grupomedios.com\/futbol\/wp-json\/wp\/v2\/posts\/514981\/revisions"}],"predecessor-version":[{"id":514985,"href":"http:\/\/desarrollo.grupomedios.com\/futbol\/wp-json\/wp\/v2\/posts\/514981\/revisions\/514985"}],"wp:featuredmedia":[{"embeddable":true,"href":"http:\/\/desarrollo.grupomedios.com\/futbol\/wp-json\/wp\/v2\/media\/514984"}],"wp:attachment":[{"href":"http:\/\/desarrollo.grupomedios.com\/futbol\/wp-json\/wp\/v2\/media?parent=514981"}],"wp:term":[{"taxonomy":"category","embeddable":true,"href":"http:\/\/desarrollo.grupomedios.com\/futbol\/wp-json\/wp\/v2\/categories?post=514981"},{"taxonomy":"post_tag","embeddable":true,"href":"http:\/\/desarrollo.grupomedios.com\/futbol\/wp-json\/wp\/v2\/tags?post=514981"}],"curies":[{"name":"wp","href":"https:\/\/api.w.org\/{rel}","templated":true}]}}