{"id":514990,"date":"2018-01-18T18:34:30","date_gmt":"2018-01-19T00:34:30","guid":{"rendered":"https:\/\/www.futboltotal.com.mx\/?p=514990"},"modified":"2018-01-18T18:34:30","modified_gmt":"2018-01-19T00:34:30","slug":"paco-jemez-me-trato-mierda-delantero-las-palmas","status":"publish","type":"post","link":"http:\/\/desarrollo.grupomedios.com\/futbol\/futbol-internacional\/paco-jemez-me-trato-mierda-delantero-las-palmas\/2018\/01","title":{"rendered":"Paco J\u00e9mez me trat\u00f3 como &#8216;mierda&#8217;: delantero de Las Palmas"},"content":{"rendered":"<p>El t\u00e9cnico espa\u00f1ol <strong>Paco J\u00e9mez<\/strong> est\u00e1 en medio de la pol\u00e9mica a su llegada como entrenador de la Uni\u00f3n Deportiva Las Palmas, ya que los resultados no se le han dado, y ahora ha tenido hasta enfrentamientos verbales con algunos jugadores.<\/p>\n<p>El delantero franc\u00e9s <strong>L\u00f6ic R\u00e9my<\/strong> acus\u00f3 al estratega de haberlo desplazado del equipo como una <strong>&#8220;mierda&#8221;<\/strong> y que no se le haya avisado de frente que ya no ser\u00eda tomado en cuenta.<\/p>\n<p>Paco J\u00e9mez tom\u00f3 al equipo a finales de diciembre, y no ha podido lograr ning\u00fan triunfo ni en LaLiga ni en la <strong>Copa del Rey<\/strong>, donde ya fue eliminado.<\/p>\n<p style=\"text-align: center;\"><span style=\"color: #333399;\"><a href=\"https:\/\/www.futboltotal.com.mx\/destacado-home\/leganes-0-real-madrid-1-copa-del-rey-2018-resumen\/2018\/01\">VER M\u00c1S: <span class=\"item-title\">Real Madrid logra flojo triunfo en Copa del Rey gracias a Asensio<\/span><\/a><\/span><\/p>\n<p>R\u00e9my arremeti\u00f3 contra J\u00e9mez porque le parece &#8220;incre\u00edble que corras a dos jugadores por llegar un minuto tarde al entrenamiento&#8221;.<\/p>\n","protected":false},"excerpt":{"rendered":"<p>El entrenador espa\u00f1ol no ha podido lograr ning\u00fan triunfo con su nuevo equipo<\/p>\n","protected":false},"author":160,"featured_media":514991,"comment_status":"closed","ping_status":"closed","sticky":false,"template":"","format":"standard","meta":[],"categories":[3839,3844],"tags":[4465,11606,7053],"_links":{"self":[{"href":"http:\/\/desarrollo.grupomedios.com\/futbol\/wp-json\/wp\/v2\/posts\/514990"}],"collection":[{"href":"http:\/\/desarrollo.grupomedios.com\/futbol\/wp-json\/wp\/v2\/posts"}],"about":[{"href":"http:\/\/desarrollo.grupomedios.com\/futbol\/wp-json\/wp\/v2\/types\/post"}],"author":[{"embeddable":true,"href":"http:\/\/desarrollo.grupomedios.com\/futbol\/wp-json\/wp\/v2\/users\/160"}],"replies":[{"embeddable":true,"href":"http:\/\/desarrollo.grupomedios.com\/futbol\/wp-json\/wp\/v2\/comments?post=514990"}],"version-history":[{"count":1,"href":"http:\/\/desarrollo.grupomedios.com\/futbol\/wp-json\/wp\/v2\/posts\/514990\/revisions"}],"predecessor-version":[{"id":514992,"href":"http:\/\/desarrollo.grupomedios.com\/futbol\/wp-json\/wp\/v2\/posts\/514990\/revisions\/514992"}],"wp:featuredmedia":[{"embeddable":true,"href":"http:\/\/desarrollo.grupomedios.com\/futbol\/wp-json\/wp\/v2\/media\/514991"}],"wp:attachment":[{"href":"http:\/\/desarrollo.grupomedios.com\/futbol\/wp-json\/wp\/v2\/media?parent=514990"}],"wp:term":[{"taxonomy":"category","embeddable":true,"href":"http:\/\/desarrollo.grupomedios.com\/futbol\/wp-json\/wp\/v2\/categories?post=514990"},{"taxonomy":"post_tag","embeddable":true,"href":"http:\/\/desarrollo.grupomedios.com\/futbol\/wp-json\/wp\/v2\/tags?post=514990"}],"curies":[{"name":"wp","href":"https:\/\/api.w.org\/{rel}","templated":true}]}}