{"id":514993,"date":"2018-01-18T19:34:56","date_gmt":"2018-01-19T01:34:56","guid":{"rendered":"https:\/\/www.futboltotal.com.mx\/?p=514993"},"modified":"2018-01-18T19:35:32","modified_gmt":"2018-01-19T01:35:32","slug":"necaxa-presenta-espectacular-uniforme-clausura-2018","status":"publish","type":"post","link":"http:\/\/desarrollo.grupomedios.com\/futbol\/futbol-mexicano\/necaxa-presenta-espectacular-uniforme-clausura-2018\/2018\/01","title":{"rendered":"Necaxa presenta su espectacular uniforme para el Clausura 2018"},"content":{"rendered":"<p>Los <strong>Rayos del Necaxa<\/strong> presenta su espectacular uniforme alternativo para la temporada <strong>Clausura 2018<\/strong> de la Liga MX.<\/p>\n<p>La casaca por adelante ser\u00e1 en color blanco con un rayo en color rojo que muestra de forma electrizante su indumentaria, la cual podr\u00eda estrenar en pr\u00f3ximos d\u00edas.<\/p>\n<blockquote class=\"twitter-tweet\" data-lang=\"es\">\n<p dir=\"ltr\" lang=\"es\"><a href=\"https:\/\/twitter.com\/hashtag\/ConElRayoEnElCoraz%C3%B3n?src=hash&amp;ref_src=twsrc%5Etfw\">#ConElRayoEnElCoraz\u00f3n<\/a><\/p>\n<p>No s\u00e9 por qu\u00e9 me toc\u00f3 ese n\u00famero &#x1f648;<a href=\"https:\/\/twitter.com\/ClubNecaxa?ref_src=twsrc%5Etfw\">@ClubNecaxa<\/a> <a href=\"https:\/\/twitter.com\/CharlyFutbol?ref_src=twsrc%5Etfw\">@CharlyFutbol<\/a> <a href=\"https:\/\/t.co\/8CLjpXztiJ\">pic.twitter.com\/8CLjpXztiJ<\/a><\/p>\n<p>\u2014 Necaxa (@Necaxaficion) <a href=\"https:\/\/twitter.com\/Necaxaficion\/status\/954154092456300545?ref_src=twsrc%5Etfw\">19 de enero de 2018<\/a><\/p><\/blockquote>\n<p><script async src=\"https:\/\/platform.twitter.com\/widgets.js\" charset=\"utf-8\"><\/script><\/p>\n<p>Mientras que por detr\u00e1s predomina de forma importante el color rojo, y el n\u00famero en color blanco.<\/p>\n<blockquote class=\"twitter-tweet\" data-lang=\"es\">\n<p dir=\"ltr\" lang=\"es\">Conoce cada detalle del electrizante jersey de gala de <a href=\"https:\/\/twitter.com\/ClubNecaxa?ref_src=twsrc%5Etfw\">@ClubNecaxa<\/a>. &#x1f4f8;(2\/2) <a href=\"https:\/\/twitter.com\/hashtag\/AlternoRayos?src=hash&amp;ref_src=twsrc%5Etfw\">#AlternoRayos<\/a> <a href=\"https:\/\/twitter.com\/hashtag\/CharlyF%C3%BAtbol?src=hash&amp;ref_src=twsrc%5Etfw\">#CharlyF\u00fatbol<\/a><br \/>\n<a href=\"https:\/\/twitter.com\/hashtag\/ConElRayoEnElCoraz%C3%B3n?src=hash&amp;ref_src=twsrc%5Etfw\">#ConElRayoEnElCoraz\u00f3n<\/a>\u26a1\ufe0f&#x1f534; <a href=\"https:\/\/t.co\/nG5Hrfl8Ee\">pic.twitter.com\/nG5Hrfl8Ee<\/a><\/p>\n<p>\u2014 Charly F\u00fatbol (@CharlyFutbol) <a href=\"https:\/\/twitter.com\/CharlyFutbol\/status\/954155208208240645?ref_src=twsrc%5Etfw\">19 de enero de 2018<\/a><\/p><\/blockquote>\n<p><script async src=\"https:\/\/platform.twitter.com\/widgets.js\" charset=\"utf-8\"><\/script><\/p>\n<p>&nbsp;<\/p>\n","protected":false},"excerpt":{"rendered":"<p>Los hidrorrayos han mostrado un electrizante modelo para este torneo<\/p>\n","protected":false},"author":160,"featured_media":514994,"comment_status":"closed","ping_status":"closed","sticky":false,"template":"","format":"standard","meta":[],"categories":[2198,3845],"tags":[9028,261,2175],"_links":{"self":[{"href":"http:\/\/desarrollo.grupomedios.com\/futbol\/wp-json\/wp\/v2\/posts\/514993"}],"collection":[{"href":"http:\/\/desarrollo.grupomedios.com\/futbol\/wp-json\/wp\/v2\/posts"}],"about":[{"href":"http:\/\/desarrollo.grupomedios.com\/futbol\/wp-json\/wp\/v2\/types\/post"}],"author":[{"embeddable":true,"href":"http:\/\/desarrollo.grupomedios.com\/futbol\/wp-json\/wp\/v2\/users\/160"}],"replies":[{"embeddable":true,"href":"http:\/\/desarrollo.grupomedios.com\/futbol\/wp-json\/wp\/v2\/comments?post=514993"}],"version-history":[{"count":2,"href":"http:\/\/desarrollo.grupomedios.com\/futbol\/wp-json\/wp\/v2\/posts\/514993\/revisions"}],"predecessor-version":[{"id":514996,"href":"http:\/\/desarrollo.grupomedios.com\/futbol\/wp-json\/wp\/v2\/posts\/514993\/revisions\/514996"}],"wp:featuredmedia":[{"embeddable":true,"href":"http:\/\/desarrollo.grupomedios.com\/futbol\/wp-json\/wp\/v2\/media\/514994"}],"wp:attachment":[{"href":"http:\/\/desarrollo.grupomedios.com\/futbol\/wp-json\/wp\/v2\/media?parent=514993"}],"wp:term":[{"taxonomy":"category","embeddable":true,"href":"http:\/\/desarrollo.grupomedios.com\/futbol\/wp-json\/wp\/v2\/categories?post=514993"},{"taxonomy":"post_tag","embeddable":true,"href":"http:\/\/desarrollo.grupomedios.com\/futbol\/wp-json\/wp\/v2\/tags?post=514993"}],"curies":[{"name":"wp","href":"https:\/\/api.w.org\/{rel}","templated":true}]}}