{"id":515015,"date":"2018-01-19T09:47:46","date_gmt":"2018-01-19T15:47:46","guid":{"rendered":"https:\/\/www.futboltotal.com.mx\/?p=515015"},"modified":"2018-01-19T09:47:46","modified_gmt":"2018-01-19T15:47:46","slug":"jurgen-damm-buscado-equipo-la-serie-a","status":"publish","type":"post","link":"http:\/\/desarrollo.grupomedios.com\/futbol\/destacado-home\/jurgen-damm-buscado-equipo-la-serie-a\/2018\/01","title":{"rendered":"J\u00fcrgen Damm es buscado por equipo de la Serie A"},"content":{"rendered":"<p>Mucho se ha hablado de la posibilidad que tendr\u00eda un futbolista como <strong>J\u00fcrgen Damm<\/strong> de emigrar a Europa y aunque esto jam\u00e1s se ha logrado confirmar, lo cierto es que el mediocampista de <a href=\"https:\/\/www.futboltotal.com.mx\/futbol-mexicano\/liga-mx\/tigres-sufre-dura-baja-lesion-duelo-contra-gallos\/2018\/01\" target=\"_blank\" rel=\"noopener\"><strong>Tigres UANL<\/strong><\/a> si despierta el inter\u00e9s de varios equipos, ahora ha sido puesto en la \u00f3rbita de un equipo en la <strong>Serie A.<\/strong><\/p>\n<p>El jugador de 25 a\u00f1os<mark> estar\u00eda siendo seguido muy de cerca por parte de la <strong>Fiorentina<\/strong><\/mark>, de acuerdo al portal\u00a0soccerscouting y mediotiempo en M\u00e9xico, el cuadro italiano ya pregunt\u00f3 por el mediocampista, con lo que lograr\u00eda su sue\u00f1o de estar en el futbol del Viejo Continente, aunque cabe se\u00f1alar que la duda la impone su f\u00edsico, pues creen que no tendr\u00eda la fuerza para disputar una liga como la de Italia.<\/p>\n<p style=\"text-align: center;\"><a href=\"https:\/\/www.futboltotal.com.mx\/futbol-mexicano\/liga-mx\/cuauhtemoc-blanco-levanta-la-mano-dirigir-a-america\/2018\/01\">VER M\u00c1S: Cuauht\u00e9moc Blanco levanta la mano para dirigir a Am\u00e9rica<\/a><\/p>\n<p><strong>\u00bfTAMBI\u00c9N EN ESPA\u00d1A?<\/strong><\/p>\n<p>Por otro lado, la misma fuente indica que <mark>el <strong>Espanyol de Barcelona<\/strong> ser\u00eda otro de los equipos interesados<\/mark> en el cuadro mexicano y aunque no se ha constatado, indican que los acercamientos ya han sido importantes con la directiva Felina, pues pretenden hacer una oferta de <strong>6 millones de d\u00f3lares<\/strong> por el futbolista mexicano.<\/p>\n<p>La transacci\u00f3n no ser\u00eda nada sencilla, tomando en cuenta que Tigres ya rechaz\u00f3 varias este mercado por otros futbolistas, aunado a que los Felinos tuvieron que gastar<strong> 10 millones de d\u00f3lares<\/strong> en 2015 para hacerse con el futbolista procedente de los Tuzos de Pachuca.<\/p>\n<p style=\"text-align: center;\"><a href=\"https:\/\/www.futboltotal.com.mx\/futbol-mexicano\/liga-mx\/rafael-dudamel-en-la-mira-dt-atlas\/2018\/01\">VER M\u00c1S: Rafael Dudamel, en la mira para ser DT de Atlas<\/a><\/p>\n<p>&nbsp;<\/p>\n","protected":false},"excerpt":{"rendered":"<p>El mediocampista de 25 a\u00f1os ha llamado la atenci\u00f3n en Europa y podr\u00eda desembarcar en Italia<\/p>\n","protected":false},"author":159,"featured_media":515016,"comment_status":"closed","ping_status":"closed","sticky":false,"template":"","format":"standard","meta":[],"categories":[5,2198,3845],"tags":[9028,67,1053,1916,64,5958,570],"_links":{"self":[{"href":"http:\/\/desarrollo.grupomedios.com\/futbol\/wp-json\/wp\/v2\/posts\/515015"}],"collection":[{"href":"http:\/\/desarrollo.grupomedios.com\/futbol\/wp-json\/wp\/v2\/posts"}],"about":[{"href":"http:\/\/desarrollo.grupomedios.com\/futbol\/wp-json\/wp\/v2\/types\/post"}],"author":[{"embeddable":true,"href":"http:\/\/desarrollo.grupomedios.com\/futbol\/wp-json\/wp\/v2\/users\/159"}],"replies":[{"embeddable":true,"href":"http:\/\/desarrollo.grupomedios.com\/futbol\/wp-json\/wp\/v2\/comments?post=515015"}],"version-history":[{"count":1,"href":"http:\/\/desarrollo.grupomedios.com\/futbol\/wp-json\/wp\/v2\/posts\/515015\/revisions"}],"predecessor-version":[{"id":515017,"href":"http:\/\/desarrollo.grupomedios.com\/futbol\/wp-json\/wp\/v2\/posts\/515015\/revisions\/515017"}],"wp:featuredmedia":[{"embeddable":true,"href":"http:\/\/desarrollo.grupomedios.com\/futbol\/wp-json\/wp\/v2\/media\/515016"}],"wp:attachment":[{"href":"http:\/\/desarrollo.grupomedios.com\/futbol\/wp-json\/wp\/v2\/media?parent=515015"}],"wp:term":[{"taxonomy":"category","embeddable":true,"href":"http:\/\/desarrollo.grupomedios.com\/futbol\/wp-json\/wp\/v2\/categories?post=515015"},{"taxonomy":"post_tag","embeddable":true,"href":"http:\/\/desarrollo.grupomedios.com\/futbol\/wp-json\/wp\/v2\/tags?post=515015"}],"curies":[{"name":"wp","href":"https:\/\/api.w.org\/{rel}","templated":true}]}}