{"id":515018,"date":"2018-01-19T09:59:59","date_gmt":"2018-01-19T15:59:59","guid":{"rendered":"https:\/\/www.futboltotal.com.mx\/?p=515018"},"modified":"2018-01-19T10:01:11","modified_gmt":"2018-01-19T16:01:11","slug":"pele-no-fue-hospitalizado-pese-a-rumores-que-circulaban","status":"publish","type":"post","link":"http:\/\/desarrollo.grupomedios.com\/futbol\/futbol-internacional\/pele-no-fue-hospitalizado-pese-a-rumores-que-circulaban\/2018\/01","title":{"rendered":"Pel\u00e9 NO fue hospitalizado, pese a rumores que circulaban"},"content":{"rendered":"<p>La asesor\u00eda del exfutbolista brasile\u00f1o <strong>Edson Arantes do Nascimento<\/strong> <strong>&#8220;Pel\u00e9&#8221;<\/strong> <mark>neg\u00f3 las versiones de prensa seg\u00fan las cuales el legendario jugador fue hospitalizado<\/mark> esta semana tras sufrir un desmayo y por agotamiento severo.<\/p>\n<p><mark>&#8220;No se qui\u00e9n invent\u00f3 esa noticia. El fue a R\u00edo de Janeiro ida y vuelta esta semana en coche y fue estresante, un viaje agotador. \u00c9l no se sinti\u00f3 mal, est\u00e1 en su casa, haciendo fisioterapia&#8221;<\/mark>, afirm\u00f3 a Efe Jos\u00e9 Fornos Rodrigues, &#8220;Pepito&#8221;, su amigo y brazo derecho.<\/p>\n<p>De acuerdo con el asesor, el tres veces campe\u00f3n mundial no hizo el viaje que ten\u00eda previsto realizar a Londres esta semana debido a que lleg\u00f3 a Sao Paulo muy cansado del desplazamiento a R\u00edo de Janeiro.<\/p>\n<p><mark>&#8220;Ser\u00eda m\u00e1s agotador un viaje de ida y vuelta a Londres. \u00c9l est\u00e1 normal&#8221;<\/mark>, afirm\u00f3.<\/p>\n<p>Familiares de Pel\u00e9 consultados por medios brasile\u00f1os igualmente dijeron desconocer que el considerado mejor futbolista brasile\u00f1o en todos los tiempos estuviese hospitalizado.<\/p>\n<p>El <strong>hospital Albert Einstein de Sao Paulo<\/strong>, al que Pel\u00e9 acude regularmente para ex\u00e1menes y evaluaciones, neg\u00f3 que el exfutbolista hubiese sido ingresado esta semana.<\/p>\n<p>La informaci\u00f3n sobre la hospitalizaci\u00f3n de urgencia del astro de 77 a\u00f1os fue divulgada en un comunicado por la Asociaci\u00f3n de <strong>Periodistas Deportivos de Inglaterra<\/strong> (FWA).<\/p>\n<p style=\"text-align: center;\"><a href=\"https:\/\/www.futboltotal.com.mx\/futbol-mexicano\/liga-mx\/jurgen-damm-buscado-equipo-la-serie-a\/2018\/01\">VER M\u00c1S: J\u00fcrgen Damm es buscado por equipo de la Serie A<\/a><\/p>\n<p>De acuerdo con el organismo, el hist\u00f3rico deportista tuvo que cancelar un viaje previsto para este fin de semana a Londres, donde iba a ser homenajeado el pr\u00f3ximo domingo por la FWA en una gala, debido al desmayo por el que fue hospitalizado.<\/p>\n<p>&#8220;A primera hora del jueves por la ma\u00f1ana, <strong>Pel\u00e9 sufri\u00f3 un desmayo<\/strong> y fue ingresado en un hospital de Brasil, donde ha sido sometido a pruebas m\u00e9dicas que han diagnosticado que sufre un cuadro de <strong>agotamiento severo<\/strong>. Por suerte, no es nada m\u00e1s grave que cansancio y todos en la Asociaci\u00f3n le deseamos una r\u00e1pida recuperaci\u00f3n&#8221;, asegur\u00f3 Paul McCarthy, secretario ejecutivo de la FWA, en la nota.<\/p>\n<p>Pel\u00e9 tuvo que acudir el pasado lunes a la ceremonia inaugural del campeonato regional de f\u00fatbol de R\u00edo de Janeiro <strong>apoyado en un andador<\/strong> debido a que a\u00fan no se ha recuperado de su \u00faltima cirug\u00eda en la cadera. El exfutbolista enfrenta desde 2012 diferentes problemas m\u00e9dicos y en los \u00faltimos a\u00f1os ha sido sometido a delicadas <strong>cirug\u00edas de cadera, menisco y columna<\/strong>, que le han obligado a utilizar desde bast\u00f3n hasta silla de ruedas.<\/p>\n<p>En diciembre pasado Pel\u00e9 acudi\u00f3 en<strong> silla de ruedas<\/strong> a la ceremonia en Mosc\u00fa en que fue realizado el sorteo de los grupos del Mundial que Rusia organizar\u00e1 este a\u00f1o.<\/p>\n<p style=\"text-align: center;\"><a href=\"https:\/\/www.futboltotal.com.mx\/futbol-internacional\/liga-de-espana\/antoine-griezmann-esto-lo-que-acerca-al-fc-barcelona\/2018\/01\">VER M\u00c1S: Antoine Griezmann: esto es lo que le acerca al FC Barcelona<\/a><\/p>\n","protected":false},"excerpt":{"rendered":"<p>El astro brasile\u00f1o no tuvo problemas m\u00e9dicos, como manejaban medios en Inglaterra<\/p>\n","protected":false},"author":159,"featured_media":515020,"comment_status":"closed","ping_status":"closed","sticky":false,"template":"","format":"standard","meta":[],"categories":[3839],"tags":[6009,125,2084,246],"_links":{"self":[{"href":"http:\/\/desarrollo.grupomedios.com\/futbol\/wp-json\/wp\/v2\/posts\/515018"}],"collection":[{"href":"http:\/\/desarrollo.grupomedios.com\/futbol\/wp-json\/wp\/v2\/posts"}],"about":[{"href":"http:\/\/desarrollo.grupomedios.com\/futbol\/wp-json\/wp\/v2\/types\/post"}],"author":[{"embeddable":true,"href":"http:\/\/desarrollo.grupomedios.com\/futbol\/wp-json\/wp\/v2\/users\/159"}],"replies":[{"embeddable":true,"href":"http:\/\/desarrollo.grupomedios.com\/futbol\/wp-json\/wp\/v2\/comments?post=515018"}],"version-history":[{"count":3,"href":"http:\/\/desarrollo.grupomedios.com\/futbol\/wp-json\/wp\/v2\/posts\/515018\/revisions"}],"predecessor-version":[{"id":515023,"href":"http:\/\/desarrollo.grupomedios.com\/futbol\/wp-json\/wp\/v2\/posts\/515018\/revisions\/515023"}],"wp:featuredmedia":[{"embeddable":true,"href":"http:\/\/desarrollo.grupomedios.com\/futbol\/wp-json\/wp\/v2\/media\/515020"}],"wp:attachment":[{"href":"http:\/\/desarrollo.grupomedios.com\/futbol\/wp-json\/wp\/v2\/media?parent=515018"}],"wp:term":[{"taxonomy":"category","embeddable":true,"href":"http:\/\/desarrollo.grupomedios.com\/futbol\/wp-json\/wp\/v2\/categories?post=515018"},{"taxonomy":"post_tag","embeddable":true,"href":"http:\/\/desarrollo.grupomedios.com\/futbol\/wp-json\/wp\/v2\/tags?post=515018"}],"curies":[{"name":"wp","href":"https:\/\/api.w.org\/{rel}","templated":true}]}}