{"id":515024,"date":"2018-01-19T10:41:28","date_gmt":"2018-01-19T16:41:28","guid":{"rendered":"https:\/\/www.futboltotal.com.mx\/?p=515024"},"modified":"2018-01-19T10:41:28","modified_gmt":"2018-01-19T16:41:28","slug":"la-emotiva-carta-la-ronaldinho-se-despide-del-futbol","status":"publish","type":"post","link":"http:\/\/desarrollo.grupomedios.com\/futbol\/futbol-internacional\/la-emotiva-carta-la-ronaldinho-se-despide-del-futbol\/2018\/01","title":{"rendered":"La emotiva carta con la que Ronaldinho se despide del futbol"},"content":{"rendered":"<p>El astro brasile\u00f1o <strong>Ronaldinho<\/strong>, quien anunciara su retiro del futbol profesional, ha mostrado su agradecimiento con el deporte publicando una emotiva carta donde habl\u00f3 de la pelota m\u00e1s all\u00e1 de un simple objeto, como si fuera una persona m\u00e1s y le dedic\u00f3 un;\u00a0<strong>\u201cGracias vieja\u201d.<\/strong><\/p>\n<p>\u201c\u00a1Muchas gracias Sr. mi Dios, por esta vida que me diste, f<strong>amilia, amigos y mi primera profesi\u00f3n<\/strong>!\u201d, comienza el texto del futbolista que lograra ganar pr\u00e1cticamente todo, teniendo un palmar\u00e9s basto y perfecto.&#8221;Tras casi tres d\u00e9cadas dedicadas al f\u00fatbol, me despido de mi mayor sue\u00f1o, \u00a1sue\u00f1o realizado!\u201d, agrega<\/p>\n<p style=\"text-align: center;\"><a href=\"https:\/\/www.futboltotal.com.mx\/futbol-mexicano\/liga-mx\/jurgen-damm-buscado-equipo-la-serie-a\/2018\/01\">VER M\u00c1S: J\u00fcrgen Damm es buscado por equipo de la Serie A<\/a><\/p>\n<p>\u201cHice lo que m\u00e1s am\u00e9 profesionalmente durante 20 a\u00f1os (&#8230;), y 10 como formaci\u00f3n de base.<strong> Viv\u00ed intensamente este sue\u00f1o de ni\u00f1o<\/strong>\u201d, contin\u00faa en un mensaje de Instagram junto a una foto celebrando durante su \u00e9poca en el\u00a0FC Barcelona.<\/p>\n<p>\u201c\u00a1Aquella frase famosa \u2018gracias vieja\u2019, por ser mi fuente de inspiraci\u00f3n por tanto <strong>tiempo y compa\u00f1eros<\/strong> de muchas victorias!\u201d, escribi\u00f3 junto al emoji de una pelota.<\/p>\n<blockquote class=\"instagram-media\" style=\"background: #FFF; border: 0; border-radius: 3px; box-shadow: 0 0 1px 0 rgba(0,0,0,0.5),0 1px 10px 0 rgba(0,0,0,0.15); margin: 1px; max-width: 658px; padding: 0; width: calc(100% - 2px);\" data-instgrm-captioned=\"\" data-instgrm-permalink=\"https:\/\/www.instagram.com\/p\/BeEc4FpHjdZ\/\" data-instgrm-version=\"8\">\n<div style=\"padding: 8px;\">\n<div style=\"background: #F8F8F8; line-height: 0; margin-top: 40px; padding: 62.5% 0; text-align: center; width: 100%;\"><\/div>\n<p style=\"margin: 8px 0 0 0; padding: 0 4px;\"><span style=\"font-size: 14px;\"><a style=\"color: #000000; font-family: Arial, sans-serif; font-style: normal; font-weight: normal; line-height: 17px; text-decoration: none; word-wrap: break-word;\" href=\"https:\/\/www.instagram.com\/p\/BeEc4FpHjdZ\/\" target=\"_blank\" rel=\"noopener\">Obrigado Sr. meu Deus, por esta vida que me deste, fam\u00edlia, amigos e minha primeira profiss\u00e3o!!! Ap\u00f3s quase tr\u00eas d\u00e9cadas dedicadas ao futebol, me despe\u00e7o do meu maior sonho, sonho realizado!!! Fiz o que mais amei profissionalmente por 20 anos, e 10 como forma\u00e7\u00e3o de base. Vivi intensamente este sonho de crian\u00e7a, cada instante, viagens, vit\u00f3rias, derrotas, a resenha, hino nacional, a caminhada no t\u00fanel, vesti\u00e1rio, entrada em campo, as chuteiras que usei, as bolas boas e ruins, homenagens que ganhei, os craques que joguei, os que admirei e joguei e os que s\u00f3 joguei no play, mas admiro at\u00e9 hoje! Enfim tudo foi incr\u00edvel!!! Meu pai e minha fam\u00edlia me apoiaram muito pra chegar at\u00e9 aqui, foi um trabalho em equipe. Chegamos ao fim da primeira etapa com uma hist\u00f3ria bonita pra contar\u2026 Voc\u00eas me conhecem, e sabem bem que sou t\u00edmido e n\u00e3o tenho o costume de falar muito, mas tenho que dizer a voc\u00eas muito obrigado, de cora\u00e7\u00e3o, de alma lavada, pois fiz o que amo com a ajuda de todos, treinadores, preparadores, comiss\u00f5es inteiras, dirigentes, torcida a favor e contra, o motorista do \u00f4nibus, o roupeiro, o gandula, o \u00e1rbitro e a imprensa. Obrigado, constru\u00edmos juntos esta hist\u00f3ria, sem voc\u00eas nada seria poss\u00edvel\u2026 No m\u00eas de mar\u00e7o faremos um an\u00fancio de como ser\u00e1 esta despedida e os pr\u00f3ximos passos. Por enquanto, aqui vai meu muito obrigado \u26bd. Aquela frase famosa \u201cgracias vieja\u201d por ser a minha fonte de inspira\u00e7\u00e3o por tanto tempo e companheiros de muitas vit\u00f3rias!!! Obrigado a todos pelas mensagens e carinho!!! Um abra\u00e7o forte, fui muito feliz fazendo deste esporte a minha vida e profiss\u00e3o.<\/a><\/span><\/p>\n<p style=\"color: #c9c8cd; font-family: Arial,sans-serif; font-size: 14px; line-height: 17px; margin-bottom: 0; margin-top: 8px; overflow: hidden; padding: 8px 0 7px; text-align: center; text-overflow: ellipsis; white-space: nowrap;\">A post shared by <a style=\"color: #c9c8cd; font-family: Arial,sans-serif; font-size: 14px; font-style: normal; font-weight: normal; line-height: 17px;\" href=\"https:\/\/www.instagram.com\/ronaldinho\/\" target=\"_blank\" rel=\"noopener\"> Ronaldo de Assis Moreira<\/a> (@ronaldinho) on <time style=\"font-family: Arial,sans-serif; font-size: 14px; line-height: 17px;\" datetime=\"2018-01-17T23:47:21+00:00\">Jan 17, 2018 at 3:47pm PST<\/time><\/p>\n<\/div>\n<\/blockquote>\n<p><script async defer src=\"\/\/platform.instagram.com\/en_US\/embeds.js\"><\/script><\/p>\n<p style=\"text-align: center;\"><a href=\"https:\/\/www.futboltotal.com.mx\/futbol-internacional\/liga-de-espana\/antoine-griezmann-esto-lo-que-acerca-al-fc-barcelona\/2018\/01\">VER M\u00c1S: Antoine Griezmann: esto es lo que le acerca al FC Barcelona<\/a><\/p>\n","protected":false},"excerpt":{"rendered":"<p>El brasile\u00f1o comienza a despedirse de la pelota, el astro nos dejar\u00e1 sin su magia en el balompi\u00e9<\/p>\n","protected":false},"author":159,"featured_media":514776,"comment_status":"closed","ping_status":"closed","sticky":false,"template":"","format":"standard","meta":[],"categories":[3839],"tags":[6009,1083,5997],"_links":{"self":[{"href":"http:\/\/desarrollo.grupomedios.com\/futbol\/wp-json\/wp\/v2\/posts\/515024"}],"collection":[{"href":"http:\/\/desarrollo.grupomedios.com\/futbol\/wp-json\/wp\/v2\/posts"}],"about":[{"href":"http:\/\/desarrollo.grupomedios.com\/futbol\/wp-json\/wp\/v2\/types\/post"}],"author":[{"embeddable":true,"href":"http:\/\/desarrollo.grupomedios.com\/futbol\/wp-json\/wp\/v2\/users\/159"}],"replies":[{"embeddable":true,"href":"http:\/\/desarrollo.grupomedios.com\/futbol\/wp-json\/wp\/v2\/comments?post=515024"}],"version-history":[{"count":1,"href":"http:\/\/desarrollo.grupomedios.com\/futbol\/wp-json\/wp\/v2\/posts\/515024\/revisions"}],"predecessor-version":[{"id":515025,"href":"http:\/\/desarrollo.grupomedios.com\/futbol\/wp-json\/wp\/v2\/posts\/515024\/revisions\/515025"}],"wp:featuredmedia":[{"embeddable":true,"href":"http:\/\/desarrollo.grupomedios.com\/futbol\/wp-json\/wp\/v2\/media\/514776"}],"wp:attachment":[{"href":"http:\/\/desarrollo.grupomedios.com\/futbol\/wp-json\/wp\/v2\/media?parent=515024"}],"wp:term":[{"taxonomy":"category","embeddable":true,"href":"http:\/\/desarrollo.grupomedios.com\/futbol\/wp-json\/wp\/v2\/categories?post=515024"},{"taxonomy":"post_tag","embeddable":true,"href":"http:\/\/desarrollo.grupomedios.com\/futbol\/wp-json\/wp\/v2\/tags?post=515024"}],"curies":[{"name":"wp","href":"https:\/\/api.w.org\/{rel}","templated":true}]}}