{"id":515032,"date":"2018-01-19T11:23:12","date_gmt":"2018-01-19T17:23:12","guid":{"rendered":"https:\/\/www.futboltotal.com.mx\/?p=515032"},"modified":"2018-01-19T11:23:41","modified_gmt":"2018-01-19T17:23:41","slug":"xolos-tijuana-invita-a-formar-11-historico","status":"publish","type":"post","link":"http:\/\/desarrollo.grupomedios.com\/futbol\/futbol-mexicano\/xolos-tijuana-invita-a-formar-11-historico\/2018\/01","title":{"rendered":"Xolos de Tijuana invita a formar su 11 hist\u00f3rico"},"content":{"rendered":"<p>El cuadro de los<strong> Xolos de Tijuana<\/strong> cumple 11 a\u00f1os de historia, la franquicia que desde que lograra su ascenso lleg\u00f3 a pisar con fuerza la <strong>Liga MX<\/strong> haci\u00e9ndose con un t\u00edtulo de liga y por ello est\u00e1n invitando a todos sus aficionados a formar el once hist\u00f3rico en lo que va de su existencia, algo en lo que podr\u00e1n participar a trav\u00e9s de redes sociales.<\/p>\n<blockquote class=\"twitter-tweet\" data-lang=\"es\">\n<p dir=\"ltr\" lang=\"es\">\u00a1Hoy celebramos nuestro 11vo aniversario! 11 a\u00f1os compartiendo juntos la misma pasi\u00f3n, 11 a\u00f1os de alegr\u00edas, 11 a\u00f1os de momentos inolvidables \u00a1Vamos por m\u00e1s! <a href=\"https:\/\/twitter.com\/hashtag\/FuerzaTijuas?src=hash&amp;ref_src=twsrc%5Etfw\">#FuerzaTijuas<\/a> <a href=\"https:\/\/t.co\/SUtIjvHdvN\">pic.twitter.com\/SUtIjvHdvN<\/a><\/p>\n<p>\u2014 Xolos (@Xolos) <a href=\"https:\/\/twitter.com\/Xolos\/status\/952611393026560000?ref_src=twsrc%5Etfw\">14 de enero de 2018<\/a><\/p><\/blockquote>\n<p><script async src=\"https:\/\/platform.twitter.com\/widgets.js\" charset=\"utf-8\"><\/script><\/p>\n<p style=\"text-align: center;\"><a href=\"https:\/\/www.futboltotal.com.mx\/futbol-mexicano\/liga-mx\/jurgen-damm-buscado-equipo-la-serie-a\/2018\/01\">VER M\u00c1S: J\u00fcrgen Damm es buscado por equipo de la Serie A<\/a><\/p>\n<p>La votaci\u00f3n comenzar\u00e1 este s\u00e1bado<strong> 20 de enero<\/strong> y se espera la realizaci\u00f3n de los votos a trav\u00e9s de Facebook y Twitter del equipo fronterizo, quien lanz\u00f3 una serie de 4 nombres para cada posici\u00f3n en busca de sus mejores hombres en lo que llevan de historia. Aqu\u00ed van los candidatos para que pues ir escogiendo a tu once de lujo en la perrera m\u00e1s grande de M\u00e9xico:<\/p>\n<p><strong>MEJOR DIRECTOR T\u00c9CNICO<\/strong><br \/>\n1. Wilson Graniolatti<br \/>\n2. Joaqu\u00edn del Olmo<br \/>\n3. Antonio Mohamed<br \/>\n4. Miguel Herrera<\/p>\n<p><strong>MEJOR PORTERO<\/strong><br \/>\n1. Adri\u00e1n Zerme\u00f1o<br \/>\n2. Cirilo Saucedo<br \/>\n3. Federico Vilar<br \/>\n4. Gibran Lajud<\/p>\n<p><strong>MEJOR DEFENSA CENTRAL (1)<\/strong><br \/>\n1. Javier Gandolfi<br \/>\n2. Miguel Almaz\u00e1n<br \/>\n3. Emanuel Aguilera<\/p>\n<p><strong>MEJOR DEFENSA CENTRAL (2)<\/strong><br \/>\n1. Joshua \u00c1brego<br \/>\n2. Juan Carlos Valenzuela<br \/>\n3. Pablo C\u00e9sar Aguilar<\/p>\n<p><strong>MEJOR LATERAL DERECHO<\/strong><br \/>\n1. Juan Carlos N\u00fa\u00f1ez<br \/>\n2. Richard \u00a0Ruiz<br \/>\n3. Michael Orozco<\/p>\n<p><strong>MEJOR LATERAL IZQUIERDO<\/strong><br \/>\n1. \u00c9dgar Castillo<br \/>\n2. Javier Yacuzzi<br \/>\n3. Dami\u00e1n P\u00e9rez<br \/>\n4. Greg Garza<\/p>\n<p><strong>MEJOR MEDIO DE CONTENCI\u00d3N<\/strong><br \/>\n1. Cristian Pellerano<br \/>\n2. Guido Rodr\u00edguez<br \/>\n3. Egidio Ar\u00e9valo<br \/>\n4. Gerardo Galindo<\/p>\n<p><strong>MEJOR MEDIO DERECHO<\/strong><br \/>\n1. Gabriel Hauche<br \/>\n2. Fernando Arce<br \/>\n3. Avil\u00e9s Hurtado<br \/>\n4. Paul Arriola<\/p>\n<p><strong>MEJOR MEDIO IZQUIERDO<\/strong><br \/>\n1. Juan Arango<br \/>\n2. Ignacio Malcorra<br \/>\n3. Diego Olsina<br \/>\n4. Gast\u00f3n Otreras<\/p>\n<p><strong>MEJOR MEDIO OFENSIVO<\/strong><br \/>\n1. Joe Corona<br \/>\n2. Fidel Mart\u00ednez<br \/>\n3. Valtencir Gomes<\/p>\n<p><strong>MEJOR DELANTERO (1)<\/strong><br \/>\n1. Ra\u00fal Enr\u00edquez<br \/>\n2. Dayro Moreno<br \/>\n3. Mauro Gerk<br \/>\n4. Gustavo Bou<\/p>\n<p><strong>MEJOR DELANTERO (2)<\/strong><br \/>\n1. Duvier Riascos<br \/>\n2. Alfredo Moreno<br \/>\n3. Diego Torres<br \/>\n4. Dar\u00edo Benedetto<\/p>\n<p style=\"text-align: center;\"><a href=\"https:\/\/www.futboltotal.com.mx\/futbol-internacional\/liga-de-espana\/antoine-griezmann-esto-lo-que-acerca-al-fc-barcelona\/2018\/01\">VER M\u00c1S: Antoine Griezmann: esto es lo que le acerca al FC Barcelona<\/a><\/p>\n","protected":false},"excerpt":{"rendered":"<p>Los fronterizos desean saber qui\u00e9n ser\u00eda su mejor once en toda la historia<\/p>\n","protected":false},"author":159,"featured_media":515033,"comment_status":"closed","ping_status":"closed","sticky":false,"template":"","format":"standard","meta":[],"categories":[7570,2198,3845],"tags":[9028,64,1555],"_links":{"self":[{"href":"http:\/\/desarrollo.grupomedios.com\/futbol\/wp-json\/wp\/v2\/posts\/515032"}],"collection":[{"href":"http:\/\/desarrollo.grupomedios.com\/futbol\/wp-json\/wp\/v2\/posts"}],"about":[{"href":"http:\/\/desarrollo.grupomedios.com\/futbol\/wp-json\/wp\/v2\/types\/post"}],"author":[{"embeddable":true,"href":"http:\/\/desarrollo.grupomedios.com\/futbol\/wp-json\/wp\/v2\/users\/159"}],"replies":[{"embeddable":true,"href":"http:\/\/desarrollo.grupomedios.com\/futbol\/wp-json\/wp\/v2\/comments?post=515032"}],"version-history":[{"count":2,"href":"http:\/\/desarrollo.grupomedios.com\/futbol\/wp-json\/wp\/v2\/posts\/515032\/revisions"}],"predecessor-version":[{"id":515035,"href":"http:\/\/desarrollo.grupomedios.com\/futbol\/wp-json\/wp\/v2\/posts\/515032\/revisions\/515035"}],"wp:featuredmedia":[{"embeddable":true,"href":"http:\/\/desarrollo.grupomedios.com\/futbol\/wp-json\/wp\/v2\/media\/515033"}],"wp:attachment":[{"href":"http:\/\/desarrollo.grupomedios.com\/futbol\/wp-json\/wp\/v2\/media?parent=515032"}],"wp:term":[{"taxonomy":"category","embeddable":true,"href":"http:\/\/desarrollo.grupomedios.com\/futbol\/wp-json\/wp\/v2\/categories?post=515032"},{"taxonomy":"post_tag","embeddable":true,"href":"http:\/\/desarrollo.grupomedios.com\/futbol\/wp-json\/wp\/v2\/tags?post=515032"}],"curies":[{"name":"wp","href":"https:\/\/api.w.org\/{rel}","templated":true}]}}