{"id":515042,"date":"2018-01-19T13:16:01","date_gmt":"2018-01-19T19:16:01","guid":{"rendered":"https:\/\/www.futboltotal.com.mx\/?p=515042"},"modified":"2018-01-19T13:20:46","modified_gmt":"2018-01-19T19:20:46","slug":"el-promedio-lionel-messi-al-cobrar-penales","status":"publish","type":"post","link":"http:\/\/desarrollo.grupomedios.com\/futbol\/destacado-home\/el-promedio-lionel-messi-al-cobrar-penales\/2018\/01","title":{"rendered":"\u00bfCu\u00e1l es el promedio de Lionel Messi al cobrar penales?"},"content":{"rendered":"<p>En los Cuartos de Final de ida en la Copa del Rey el argentino<strong> Lionel Messi<\/strong> err\u00f3 una pena m\u00e1xima ante el guardameta del<strong> Espanyol, Diego L\u00f3pez<\/strong>, este se convirti\u00f3 el n\u00famero 21 en su carrera que ha fallado en la historia de su carrera profesional, sin contar aquellos que no ha logrado acertar con su selecci\u00f3n, los n\u00fameros revelan algo que seguro tendr\u00e1 ocupado al &#8217;10&#8217; argentino.<\/p>\n<blockquote class=\"twitter-video\" data-lang=\"es\">\n<p dir=\"ltr\" lang=\"es\">Messi falla el penal<br \/>\n0-0 <a href=\"https:\/\/t.co\/5zWY6vpZdi\">pic.twitter.com\/5zWY6vpZdi<\/a><\/p>\n<p>\u2014 Dj Emoshon Guate \u00ae (@DJemotionguate) <a href=\"https:\/\/twitter.com\/DJemotionguate\/status\/953739244505370625?ref_src=twsrc%5Etfw\">17 de enero de 2018<\/a><\/p><\/blockquote>\n<p><script async src=\"https:\/\/platform.twitter.com\/widgets.js\" charset=\"utf-8\"><\/script><\/p>\n<p>El argentino, con el <a href=\"https:\/\/www.futboltotal.com.mx\/futbol-internacional\/liga-de-espana\/antoine-griezmann-esto-lo-que-acerca-al-fc-barcelona\/2018\/01\" target=\"_blank\" rel=\"noopener\">FC Barcelona<\/a> ha pateado en<strong> 65 ocasiones<\/strong> y <mark>ha fallado en 21 oportunidades<\/mark> como ya se mencion\u00f3, lo que deja un saldo final en cuanto a los errores del <strong>24.4%<\/strong>, de acuerdo con el diario el Pa\u00eds. Esto ha dejado en duda la capacidad del argentino para poder anotar desde los once pasos, aunque su calidad no se ponga en duda.<\/p>\n<p style=\"text-align: center;\"><a href=\"https:\/\/www.futboltotal.com.mx\/futbol-mexicano\/liga-mx\/jurgen-damm-buscado-equipo-la-serie-a\/2018\/01\">VER M\u00c1S: J\u00fcrgen Damm es buscado por equipo de la Serie A<\/a><\/p>\n<p><strong>HISTORIAL DE TODOS LOS PENALES FALLADOS:<\/strong><\/p>\n<p>31 de enero del 2008 &#8211; LaLiga &#8211; Barcelona 1-0 Villarreal<\/p>\n<p>12 de noviembre de 2008 &#8211; Copa del Rey &#8211; Barcelona 1-0 Benidorm<\/p>\n<p>1 de abril de 2009 &#8211; Copa del Rey &#8211; Barcelona 2-0 Recreativo<\/p>\n<p>4 de septiembre de 2010 &#8211; Champions League &#8211; Barcelona 5-1 Panathinaikos<\/p>\n<p>19 de enero de 2011 &#8211; Copa del Rey &#8211; Real Betis 3-1 Barcelona<\/p>\n<p>22 de octubre de 2011 &#8211; La Liga &#8211; Barcelona 0-0 Sevilla<\/p>\n<p>1 de febrero de 2012 &#8211; La Liga &#8211; Valencia 1-5 Barcelona<\/p>\n<p>25 de abril de 2012 &#8211; Champions League &#8211; Barcelona 2-2 Chelsea<\/p>\n<p>28 de agosto de 2013 &#8211; Supercopa de Espa\u00f1a &#8211; Barcelona 0-0 Atl\u00e9tico de Madrid<\/p>\n<p>5 de abril de 2014 &#8211; La Liga &#8211; Barcelona 3-1 Real Betis<\/p>\n<p>21 de septiembre de 2014 &#8211; La Liga &#8211; Levante 0-5 Barcelona<\/p>\n<p>21 de enero de 2015\u00a0 &#8211; Copa del Rey &#8211; Barcelona 1-0 Atl\u00e9tico de Madrid<\/p>\n<p>4 de febrero de 2015 &#8211; Champions League &#8211; Manchester City 1-2 Barcelona<\/p>\n<p>23 de agosto de 2015 &#8211; La Liga &#8211; Athletic Bilbao 0-1 Barcelona<\/p>\n<p>20 de septiembre de 2015 &#8211; La Liga &#8211; Barcelona 3-0 Levante<\/p>\n<p>14 de febrero de 2016 &#8211; La Liga &#8211; Barcelona 6-1 Celta.<strong>*<\/strong><\/p>\n<p>12 de marzo de 2016 &#8211; La Liga &#8211; Barcelona 4-0 Getafe<\/p>\n<p>21 de mayo de 2017 &#8211; La Liga &#8211; Barcelona 4-2 Eibar<\/p>\n<p>26 de agosto de 2017 &#8211; LaLiga &#8211; Alav\u00e9s 0-2 Barcelona<\/p>\n<p>17 de diciembre de 2017 &#8211; LaLiga &#8211; Barcelona 4-0 Deportivo<\/p>\n<p>17 de enero de 2018 &#8211; Copa del Rey &#8211; Espanyol &#8211; Barcelona<\/p>\n<p><strong>*<\/strong>Hay que hacer menci\u00f3n que en esta pena m\u00e1xima, el delantero argentino le cedi\u00f3 el bal\u00f3n a su compa\u00f1ero Luis Su\u00e1rez para que anotara, aunque de forma estad\u00edstica cuenta como una falla para el argentino.<\/p>\n<blockquote class=\"twitter-video\" data-lang=\"es\">\n<p dir=\"ltr\" lang=\"es\"><a href=\"https:\/\/twitter.com\/hashtag\/MomentosInfofut2016?src=hash&amp;ref_src=twsrc%5Etfw\">#MomentosInfofut2016<\/a> \u00bfComo nos podemos olvidar de este? El penal que metieron Messi y Su\u00e1rez ante Celta&#x1f1ea;&#x1f1f8; &#x1f64c;\u26bd\ufe0f&#x1f525;&#x1f1e6;&#x1f1f7;&#x1f1fa;&#x1f1fe;&#x1f44f; <a href=\"https:\/\/t.co\/Nl2u9GuZ4d\">pic.twitter.com\/Nl2u9GuZ4d<\/a><\/p>\n<p>\u2014 Futbol Mundial (@infofut_world) <a href=\"https:\/\/twitter.com\/infofut_world\/status\/815786986623692800?ref_src=twsrc%5Etfw\">2 de enero de 2017<\/a><\/p><\/blockquote>\n<p><script async src=\"https:\/\/platform.twitter.com\/widgets.js\" charset=\"utf-8\"><\/script><\/p>\n<p>&nbsp;<\/p>\n<p style=\"text-align: center;\"><a href=\"https:\/\/www.futboltotal.com.mx\/futbol-mexicano\/liga-mx\/cuauhtemoc-blanco-deseaba-jugar-en-cruz-azul\/2018\/01\">VER M\u00c1S: Cuauht\u00e9moc Blanco deseaba jugar en Cruz Azul<\/a><\/p>\n<p><strong>\u00bfQU\u00c9 PORTEROS LE HAN ATAJADO A MESSI?<\/strong><\/p>\n<p>Ahora aqu\u00ed hacemos un peque\u00f1o listado de todos aquellos guardametas que han tenido la oportunidad de atajar un disparo del argentino desde los once pasos:<\/p>\n<p>Daniel Pacheco (Eibar)<\/p>\n<p>Yoel Rodr\u00edguez\u00a0(Deportivo Alav\u00e9s)<\/p>\n<p>Gorka Iraizoz (Athletic de Bilbao)<\/p>\n<p>Vicente Guaita\u00a0(Getafe)<\/p>\n<p>Antonio Ad\u00e1n\u00a0(Real Betis)<\/p>\n<p>Javi Varas (Sevilla)<\/p>\n<p>Asier Riesgo (Recreativo)<\/p>\n<p>Diego Alves (Valencia)<\/p>\n<p>Jan Oblak (Atl\u00e9tico de Madrid)<\/p>\n<p>Joe Hart (Manchester City)<\/p>\n<p>Rub\u00e9n\u00a0 Mart\u00ednez (Deportivo de la Coru\u00f1a)<\/p>\n<p>Alexandros Tzorvas (Panathinaikos)<\/p>\n<p>Juan Carlos Caballero (Benidorm)<\/p>\n<p>Diego L\u00f3pez (Real Madrid y Deportivo la Coru\u00f1a)*<\/p>\n<p>* Ha sido el \u00fanico en lograr atajarle en dos ocasiones al astro argentino.<\/p>\n<p style=\"text-align: center;\"><a href=\"https:\/\/www.futboltotal.com.mx\/futbol-internacional\/eredivisie\/van-persie-vuelve-a-casa-jugara-feyenoord\/2018\/01\">VER M\u00c1S: Robin Van Persie vuelve a casa, jugar\u00e1 para el Feyenoord<\/a><\/p>\n","protected":false},"excerpt":{"rendered":"<p>El &#8217;10&#8217; argentino no es tan efectivo a la hora de cobrar las penas m\u00e1ximas<\/p>\n","protected":false},"author":159,"featured_media":515043,"comment_status":"closed","ping_status":"closed","sticky":false,"template":"","format":"standard","meta":[],"categories":[5,3839,3844],"tags":[2615,1083,6114,6012,2239],"_links":{"self":[{"href":"http:\/\/desarrollo.grupomedios.com\/futbol\/wp-json\/wp\/v2\/posts\/515042"}],"collection":[{"href":"http:\/\/desarrollo.grupomedios.com\/futbol\/wp-json\/wp\/v2\/posts"}],"about":[{"href":"http:\/\/desarrollo.grupomedios.com\/futbol\/wp-json\/wp\/v2\/types\/post"}],"author":[{"embeddable":true,"href":"http:\/\/desarrollo.grupomedios.com\/futbol\/wp-json\/wp\/v2\/users\/159"}],"replies":[{"embeddable":true,"href":"http:\/\/desarrollo.grupomedios.com\/futbol\/wp-json\/wp\/v2\/comments?post=515042"}],"version-history":[{"count":5,"href":"http:\/\/desarrollo.grupomedios.com\/futbol\/wp-json\/wp\/v2\/posts\/515042\/revisions"}],"predecessor-version":[{"id":515048,"href":"http:\/\/desarrollo.grupomedios.com\/futbol\/wp-json\/wp\/v2\/posts\/515042\/revisions\/515048"}],"wp:featuredmedia":[{"embeddable":true,"href":"http:\/\/desarrollo.grupomedios.com\/futbol\/wp-json\/wp\/v2\/media\/515043"}],"wp:attachment":[{"href":"http:\/\/desarrollo.grupomedios.com\/futbol\/wp-json\/wp\/v2\/media?parent=515042"}],"wp:term":[{"taxonomy":"category","embeddable":true,"href":"http:\/\/desarrollo.grupomedios.com\/futbol\/wp-json\/wp\/v2\/categories?post=515042"},{"taxonomy":"post_tag","embeddable":true,"href":"http:\/\/desarrollo.grupomedios.com\/futbol\/wp-json\/wp\/v2\/tags?post=515042"}],"curies":[{"name":"wp","href":"https:\/\/api.w.org\/{rel}","templated":true}]}}