{"id":515049,"date":"2018-01-19T13:53:11","date_gmt":"2018-01-19T19:53:11","guid":{"rendered":"https:\/\/www.futboltotal.com.mx\/?p=515049"},"modified":"2018-01-19T13:53:11","modified_gmt":"2018-01-19T19:53:11","slug":"la-camiseta-vintage-del-real-madrid-este-2018","status":"publish","type":"post","link":"http:\/\/desarrollo.grupomedios.com\/futbol\/futbol-internacional\/la-camiseta-vintage-del-real-madrid-este-2018\/2018\/01","title":{"rendered":"La camiseta vintage del Real Madrid para este 2018"},"content":{"rendered":"<p>El <strong>Real Madrid<\/strong> es uno de los equipos que m\u00e1s expectativas genera en sus camisetas, ya sean de juego o aquellas parte de la l\u00ednea de ropa de los merengues, en esta ocasi\u00f3n se trata de un jersey vintage que lanzar\u00e1 <strong>adidas<\/strong> para este <strong>2018<\/strong>, las fotos que se han filtrado en p\u00e1ginas como Footy Headlines.<\/p>\n<p>El nuevo jersey es de color blanco manteniendo la tradici\u00f3n del conjunto merengue con peque\u00f1as aplicaciones en azul en el frente con una franja que rodea toda la camiseta, la marca del lado derecho en el mismo tono y el escudo del lado izquierdo, adem\u00e1s del logotipo ya cl\u00e1sico con la marca\u00a0<strong>Fly Emirates<\/strong>, el cual es la parte m\u00e1s moderna dentro de la indumentaria. El cuello ser\u00e1 redondo y le da un toque antiguo, adem\u00e1s de peque\u00f1as l\u00edneas al rededor del cuello y las mangas, se espera que salga en los pr\u00f3ximos d\u00edas.<\/p>\n<p style=\"text-align: center;\"><a href=\"https:\/\/www.futboltotal.com.mx\/futbol-internacional\/liga-de-espana\/promedio-lionel-messi-al-cobrar-penales\/2018\/01\">VER M\u00c1S: \u00bfCu\u00e1l es el promedio de Lionel Messi al cobrar penales?<\/a><\/p>\n<p>&nbsp;<\/p>\n<div id=\"attachment_515051\" style=\"width: 748px\" class=\"wp-caption aligncenter\"><img aria-describedby=\"caption-attachment-515051\" decoding=\"async\" loading=\"lazy\" class=\"size-full wp-image-515051\" src=\"https:\/\/www.futboltotal.com.mx\/wp-content\/uploads\/2018\/01\/real-madrid-jersey-2018.jpg\" alt=\"Los merengues lanzaran una camiseta cl\u00e1sica\" srcset=\"http:\/\/desarrollo.grupomedios.com\/futbol\/wp-content\/uploads\/2018\/01\/real-madrid-jersey-2018.jpg 738w, http:\/\/desarrollo.grupomedios.com\/futbol\/wp-content\/uploads\/2018\/01\/real-madrid-jersey-2018-150x150.jpg 150w, http:\/\/desarrollo.grupomedios.com\/futbol\/wp-content\/uploads\/2018\/01\/real-madrid-jersey-2018-300x300.jpg 300w\" sizes=\"(max-width: 738px) 100vw, 738px\" \/><p id=\"caption-attachment-515051\" class=\"wp-caption-text\">Real Madrid tendr\u00e1 elegante jersey vintage<\/p><\/div>\n<div id=\"attachment_515050\" style=\"width: 748px\" class=\"wp-caption aligncenter\"><img aria-describedby=\"caption-attachment-515050\" decoding=\"async\" loading=\"lazy\" class=\"size-full wp-image-515050\" src=\"https:\/\/www.futboltotal.com.mx\/wp-content\/uploads\/2018\/01\/real-madrid-jersey-2018-1.jpg\" alt=\"Real Madrid tendr\u00e1 elegante jersey vintage\" srcset=\"http:\/\/desarrollo.grupomedios.com\/futbol\/wp-content\/uploads\/2018\/01\/real-madrid-jersey-2018-1.jpg 738w, http:\/\/desarrollo.grupomedios.com\/futbol\/wp-content\/uploads\/2018\/01\/real-madrid-jersey-2018-1-150x150.jpg 150w, http:\/\/desarrollo.grupomedios.com\/futbol\/wp-content\/uploads\/2018\/01\/real-madrid-jersey-2018-1-300x300.jpg 300w\" sizes=\"(max-width: 738px) 100vw, 738px\" \/><p id=\"caption-attachment-515050\" class=\"wp-caption-text\">Los merengues lanzaran una camiseta cl\u00e1sica<\/p><\/div>\n<p style=\"text-align: center;\"><a href=\"https:\/\/www.futboltotal.com.mx\/futbol-mexicano\/liga-mx\/cuauhtemoc-blanco-deseaba-jugar-en-cruz-azul\/2018\/01\">VER M\u00c1S: Cuauht\u00e9moc Blanco deseaba jugar en Cruz Azul<\/a><\/p>\n<p>&nbsp;<\/p>\n","protected":false},"excerpt":{"rendered":"<p>Los merengues lanzaran junto con adidas un jersey que todos los aficionados querr\u00e1n tener<\/p>\n","protected":false},"author":159,"featured_media":515052,"comment_status":"closed","ping_status":"closed","sticky":false,"template":"","format":"standard","meta":[],"categories":[3839,3844],"tags":[1560,253,1624,6114,5988],"_links":{"self":[{"href":"http:\/\/desarrollo.grupomedios.com\/futbol\/wp-json\/wp\/v2\/posts\/515049"}],"collection":[{"href":"http:\/\/desarrollo.grupomedios.com\/futbol\/wp-json\/wp\/v2\/posts"}],"about":[{"href":"http:\/\/desarrollo.grupomedios.com\/futbol\/wp-json\/wp\/v2\/types\/post"}],"author":[{"embeddable":true,"href":"http:\/\/desarrollo.grupomedios.com\/futbol\/wp-json\/wp\/v2\/users\/159"}],"replies":[{"embeddable":true,"href":"http:\/\/desarrollo.grupomedios.com\/futbol\/wp-json\/wp\/v2\/comments?post=515049"}],"version-history":[{"count":1,"href":"http:\/\/desarrollo.grupomedios.com\/futbol\/wp-json\/wp\/v2\/posts\/515049\/revisions"}],"predecessor-version":[{"id":515053,"href":"http:\/\/desarrollo.grupomedios.com\/futbol\/wp-json\/wp\/v2\/posts\/515049\/revisions\/515053"}],"wp:featuredmedia":[{"embeddable":true,"href":"http:\/\/desarrollo.grupomedios.com\/futbol\/wp-json\/wp\/v2\/media\/515052"}],"wp:attachment":[{"href":"http:\/\/desarrollo.grupomedios.com\/futbol\/wp-json\/wp\/v2\/media?parent=515049"}],"wp:term":[{"taxonomy":"category","embeddable":true,"href":"http:\/\/desarrollo.grupomedios.com\/futbol\/wp-json\/wp\/v2\/categories?post=515049"},{"taxonomy":"post_tag","embeddable":true,"href":"http:\/\/desarrollo.grupomedios.com\/futbol\/wp-json\/wp\/v2\/tags?post=515049"}],"curies":[{"name":"wp","href":"https:\/\/api.w.org\/{rel}","templated":true}]}}