{"id":515059,"date":"2018-01-19T16:00:43","date_gmt":"2018-01-19T22:00:43","guid":{"rendered":"https:\/\/www.futboltotal.com.mx\/?p=515059"},"modified":"2018-01-19T16:00:43","modified_gmt":"2018-01-19T22:00:43","slug":"veracruz-anuncia-refuerzo-estelar-brasileno","status":"publish","type":"post","link":"http:\/\/desarrollo.grupomedios.com\/futbol\/futbol-mexicano\/veracruz-anuncia-refuerzo-estelar-brasileno\/2018\/01","title":{"rendered":"Veracruz anuncia refuerzo estelar brasile\u00f1o"},"content":{"rendered":"<p>El cuadro de los <strong>Tiburones Rojos de Veracruz<\/strong> contin\u00faa reforz\u00e1ndose para este <strong>Clausura 2018<\/strong> a pesar que ya lleva dos jornadas y en un torneo importante para ellos en busca de la salvaci\u00f3n y han anunciado al extremo izquierdo brasile\u00f1o,\u00a0<strong>Sosthenes Jos\u00e9 Santos Salles<\/strong> mejor conocido como\u00a0<strong>Neto Berola.\u00a0<\/strong>Aunque el futbolista tiene la capacidad de jugar en todo el frente del ataque.<\/p>\n<p>El futbolista fue campe\u00f3n de la<strong> Copa Libertadores<\/strong> en 2013 en el <strong>Atl\u00e9tico Mineiro<\/strong> de <a href=\"https:\/\/www.futboltotal.com.mx\/futbol-internacional\/la-emotiva-carta-la-ronaldinho-se-despide-del-futbol\/2018\/01\" target=\"_blank\" rel=\"noopener\"><strong>Ronaldinho<\/strong><\/a>, llega con 30 a\u00f1os y en calidad de pr\u00e9stamo procedente del\u00a0<strong>Coritiba de Brasil,\u00a0<\/strong>equipo con el que disput\u00f3 27 encuentros durante el 2017. Su compa\u00f1ero, Alan Santos fue quien dio buenas referencias del jugador para que se completara su llegada con los jarochos.<\/p>\n<p style=\"text-align: center;\"><a href=\"https:\/\/www.futboltotal.com.mx\/futbol-internacional\/liga-de-espana\/la-camiseta-vintage-del-real-madrid-este-2018\/2018\/01\">VER M\u00c1S: La camiseta vintage del Real Madrid para este 2018<\/a><\/p>\n<p>Ha jugado en los equipos\u00a0<strong>Vit\u00f3ria, Atl\u00e9tico Mineiro, Santos y Coritiba,\u00a0<\/strong>adem\u00e1s de tener una experiencia en el futbol de los\u00a0<strong>Emiratos \u00c1rabes Unidos\u00a0<\/strong>con el\u00a0<strong>Al-Wasl.\u00a0<\/strong><\/p>\n<blockquote class=\"twitter-tweet\" data-lang=\"es\">\n<p dir=\"ltr\" lang=\"es\"><a href=\"https:\/\/twitter.com\/hashtag\/NOTA?src=hash&amp;ref_src=twsrc%5Etfw\">#NOTA<\/a> <a href=\"https:\/\/twitter.com\/NetoBerola7?ref_src=twsrc%5Etfw\">@NetoBerola7<\/a> es nuevo refuerzo de <a href=\"https:\/\/twitter.com\/ClubTiburones?ref_src=twsrc%5Etfw\">@ClubTiburones<\/a> <a href=\"https:\/\/t.co\/BBw9wFn7QJ\">https:\/\/t.co\/BBw9wFn7QJ<\/a><a href=\"https:\/\/twitter.com\/hashtag\/MeRifoPorTi?src=hash&amp;ref_src=twsrc%5Etfw\">#MeRifoPorTi<\/a>  <a href=\"https:\/\/t.co\/Mx1CrMhli0\">pic.twitter.com\/Mx1CrMhli0<\/a><\/p>\n<p>\u2014 Tiburones Rojos  (@ClubTiburones) <a href=\"https:\/\/twitter.com\/ClubTiburones\/status\/954459404463738880?ref_src=twsrc%5Etfw\">19 de enero de 2018<\/a><\/p><\/blockquote>\n<p><script async src=\"https:\/\/platform.twitter.com\/widgets.js\" charset=\"utf-8\"><\/script><\/p>\n<p><strong>&#8220;Estar\u00e1 reportando en Veracruz a la brevedad para presentar sus pruebas f\u00edsicas y m\u00e9dicas de rigor; y posteriormente integrarse a los trabajos a la par de todo el plantel&#8221;<\/strong>, indica el comunicado que lanz\u00f3 el equipo del puerto.<\/p>\n<p style=\"text-align: center;\"><a href=\"https:\/\/www.futboltotal.com.mx\/futbol-internacional\/liga-de-espana\/el-promedio-lionel-messi-al-cobrar-penales\/2018\/01\">VER M\u00c1S: \u00bfCu\u00e1l es el promedio de Lionel Messi al cobrar penales?<\/a><\/p>\n","protected":false},"excerpt":{"rendered":"<p>El cuadro jarocho necesita futbolistas que le permitan alejarse del descenso <\/p>\n","protected":false},"author":159,"featured_media":515062,"comment_status":"closed","ping_status":"closed","sticky":false,"template":"","format":"standard","meta":[],"categories":[2198,3845],"tags":[9028,64,11609,6049],"_links":{"self":[{"href":"http:\/\/desarrollo.grupomedios.com\/futbol\/wp-json\/wp\/v2\/posts\/515059"}],"collection":[{"href":"http:\/\/desarrollo.grupomedios.com\/futbol\/wp-json\/wp\/v2\/posts"}],"about":[{"href":"http:\/\/desarrollo.grupomedios.com\/futbol\/wp-json\/wp\/v2\/types\/post"}],"author":[{"embeddable":true,"href":"http:\/\/desarrollo.grupomedios.com\/futbol\/wp-json\/wp\/v2\/users\/159"}],"replies":[{"embeddable":true,"href":"http:\/\/desarrollo.grupomedios.com\/futbol\/wp-json\/wp\/v2\/comments?post=515059"}],"version-history":[{"count":1,"href":"http:\/\/desarrollo.grupomedios.com\/futbol\/wp-json\/wp\/v2\/posts\/515059\/revisions"}],"predecessor-version":[{"id":515063,"href":"http:\/\/desarrollo.grupomedios.com\/futbol\/wp-json\/wp\/v2\/posts\/515059\/revisions\/515063"}],"wp:featuredmedia":[{"embeddable":true,"href":"http:\/\/desarrollo.grupomedios.com\/futbol\/wp-json\/wp\/v2\/media\/515062"}],"wp:attachment":[{"href":"http:\/\/desarrollo.grupomedios.com\/futbol\/wp-json\/wp\/v2\/media?parent=515059"}],"wp:term":[{"taxonomy":"category","embeddable":true,"href":"http:\/\/desarrollo.grupomedios.com\/futbol\/wp-json\/wp\/v2\/categories?post=515059"},{"taxonomy":"post_tag","embeddable":true,"href":"http:\/\/desarrollo.grupomedios.com\/futbol\/wp-json\/wp\/v2\/tags?post=515059"}],"curies":[{"name":"wp","href":"https:\/\/api.w.org\/{rel}","templated":true}]}}