{"id":515126,"date":"2018-01-20T09:38:09","date_gmt":"2018-01-20T15:38:09","guid":{"rendered":"https:\/\/www.futboltotal.com.mx\/?p=515126"},"modified":"2018-01-20T09:38:09","modified_gmt":"2018-01-20T15:38:09","slug":"la-cifra-pone-besiktas-llevarse-a-chicharito","status":"publish","type":"post","link":"http:\/\/desarrollo.grupomedios.com\/futbol\/futbol-internacional\/la-cifra-pone-besiktas-llevarse-a-chicharito\/2018\/01","title":{"rendered":"La cifra que pone Besiktas para llevarse a Chicharito"},"content":{"rendered":"<p>El<strong> Besiktas de Turqu\u00eda<\/strong> se hizo de una buena cantidad de dinero al vender a su atacante <strong>Cenk Tosun<\/strong> al <strong>Everton<\/strong> de Inglaterra, una transferencia que signific\u00f3 hist\u00f3rica para el futbol turco, misma que est\u00e1 haciendo que el ariete mexicano,<strong> Javier &#8216;Chicharito&#8217; Hern\u00e1ndez<\/strong> est\u00e9 m\u00e1s cerca de llegar al equipo.<\/p>\n<p>De acuerdo a diarios ingleses y turcos, el Besiktas <mark>habr\u00eda conseguido un principio de acuerdo para el mexicano por una cantidad cercana a los <strong>8.5 millones de euros<\/strong><\/mark>, lo que pondr\u00eda al delantero de nuevo en actividad en un semestre tan importante previo a la <strong>Copa del Mundo de Rusia 2018<\/strong>.<\/p>\n<p style=\"text-align: center;\"><a href=\"https:\/\/www.futboltotal.com.mx\/futbol-mexicano\/liga-mx\/hernan-cristante-sena-obscena-a-aficion-atlas\/2018\/01\" target=\"_blank\" rel=\"noopener\">VER M\u00c1S: Hern\u00e1n Cristante hace se\u00f1a obscena a afici\u00f3n de Atlas<\/a><\/p>\n<p>Desde la llegada del estratega <strong>David Moyes<\/strong>, Hern\u00e1ndez no ha visto acci\u00f3n y se menciona que el delantero est\u00e1 desesperado por buscar un nuevo rumbo pero desea que sea en Europa para tomar un buen nivel y que <strong>Juan Carlos Osorio<\/strong> lo contemple como el titular de la <strong>Selecci\u00f3n Mexicana<\/strong>.<\/p>\n<p>La transacci\u00f3n debe hacerse antes de que culmine el mes de enero y de hacerse podr\u00eda estar disputando en febrero los octavos de final de la <strong>Champions League<\/strong> ante el<strong> Bayern Munich<\/strong>.<\/p>\n<p style=\"text-align: center;\"><a href=\"https:\/\/www.futboltotal.com.mx\/futbol-internacional\/liga-de-espana\/la-camiseta-vintage-del-real-madrid-este-2018\/2018\/01\" target=\"_blank\" rel=\"noopener\">VER M\u00c1S: La camiseta vintage del Real Madrid para este 2018<\/a><\/p>\n<p>&nbsp;<\/p>\n","protected":false},"excerpt":{"rendered":"<p>El mexicano requiere de minutos de cara a la Copa del Mundo de Rusia 2018<\/p>\n","protected":false},"author":159,"featured_media":515127,"comment_status":"closed","ping_status":"closed","sticky":false,"template":"","format":"standard","meta":[],"categories":[3839,3846],"tags":[5773,120,5985,334,3901],"_links":{"self":[{"href":"http:\/\/desarrollo.grupomedios.com\/futbol\/wp-json\/wp\/v2\/posts\/515126"}],"collection":[{"href":"http:\/\/desarrollo.grupomedios.com\/futbol\/wp-json\/wp\/v2\/posts"}],"about":[{"href":"http:\/\/desarrollo.grupomedios.com\/futbol\/wp-json\/wp\/v2\/types\/post"}],"author":[{"embeddable":true,"href":"http:\/\/desarrollo.grupomedios.com\/futbol\/wp-json\/wp\/v2\/users\/159"}],"replies":[{"embeddable":true,"href":"http:\/\/desarrollo.grupomedios.com\/futbol\/wp-json\/wp\/v2\/comments?post=515126"}],"version-history":[{"count":1,"href":"http:\/\/desarrollo.grupomedios.com\/futbol\/wp-json\/wp\/v2\/posts\/515126\/revisions"}],"predecessor-version":[{"id":515128,"href":"http:\/\/desarrollo.grupomedios.com\/futbol\/wp-json\/wp\/v2\/posts\/515126\/revisions\/515128"}],"wp:featuredmedia":[{"embeddable":true,"href":"http:\/\/desarrollo.grupomedios.com\/futbol\/wp-json\/wp\/v2\/media\/515127"}],"wp:attachment":[{"href":"http:\/\/desarrollo.grupomedios.com\/futbol\/wp-json\/wp\/v2\/media?parent=515126"}],"wp:term":[{"taxonomy":"category","embeddable":true,"href":"http:\/\/desarrollo.grupomedios.com\/futbol\/wp-json\/wp\/v2\/categories?post=515126"},{"taxonomy":"post_tag","embeddable":true,"href":"http:\/\/desarrollo.grupomedios.com\/futbol\/wp-json\/wp\/v2\/tags?post=515126"}],"curies":[{"name":"wp","href":"https:\/\/api.w.org\/{rel}","templated":true}]}}