{"id":515129,"date":"2018-01-20T10:07:35","date_gmt":"2018-01-20T16:07:35","guid":{"rendered":"https:\/\/www.futboltotal.com.mx\/?p=515129"},"modified":"2018-01-20T10:07:35","modified_gmt":"2018-01-20T16:07:35","slug":"recuerdas-a-hernan-cristian-pellerano-aqui-terminaron","status":"publish","type":"post","link":"http:\/\/desarrollo.grupomedios.com\/futbol\/futbol-mexicano\/recuerdas-a-hernan-cristian-pellerano-aqui-terminaron\/2018\/01","title":{"rendered":"\u00bfRecuerdas a Hern\u00e1n y Cristian Pellerano? Aqu\u00ed terminaron"},"content":{"rendered":"<p>Los hermanos<strong> Hern\u00e1n y Cristian Pellerano<\/strong> fueron de esas pocas parejas de hermanos que han tenido la oportunidad de jugar juntos en la <strong>Liga MX<\/strong>, aunque en este caso no duro mucho, al menos se les recuerda por su paso en<strong> Xolos de Tijuana<\/strong>, donde vivieron buenos momentos y pudieron compartir el terreno de juego.<\/p>\n<p>En el 2012 Cristian lleg\u00f3 a Xolos de Tijuana con un perfil y cartel discretos, pero sin duda fue uno de los mediocampistas revelaci\u00f3n en aquel a\u00f1o, jugando hasta el 2014 con los fronterizos, que le dio la oportunidad de llegar a las <strong>\u00c1guilas del Am\u00e9rica<\/strong>, lamentablemente solo dur\u00f3 un a\u00f1o con los de Coapa.<\/p>\n<p style=\"text-align: center;\"><a href=\"https:\/\/www.futboltotal.com.mx\/futbol-internacional\/liga-de-inglaterra\/la-cifra-pone-besiktas-llevarse-a-chicharito\/2018\/01\" target=\"_blank\" rel=\"noopener\">VER M\u00c1S: La cifra que pone Besiktas para llevarse a Chicharito<\/a><\/p>\n<p>Entonces empez\u00f3 a saltar de un equipo al otro, primero a <strong>Monarcas Morelia<\/strong>, luego un muy breve paso con <strong>Tapachula<\/strong> y finalmente disputando el 2017 y 2018 con los<strong> Tiburones Rojos de Veracruz<\/strong>, ahora llegar\u00e1 al <mark>Independiente del Valle en el futbol de Ecuador<\/mark> en el ocaso de su carrera con 35 a\u00f1os.<\/p>\n<p>Por su parte, Hern\u00e1n jug\u00f3 solo un a\u00f1o en M\u00e9xico, de 2013 a 2014, a\u00f1o en que comparti\u00f3 la cancha con su hermano en<strong> Xolos de Tijuana<\/strong>, su desempe\u00f1o como defensa central no fue el esperado y tuvo que emigrar r\u00e1pido del balompi\u00e9 azteca. Pas\u00f3 por <strong><a href=\"https:\/\/www.futboltotal.com.mx\/futbol-mexicano\/liga-mx\/silvio-romero-cerca-dejar-al-america\/2018\/01\" target=\"_blank\" rel=\"noopener\">Independiente de Avellaneda<\/a> y Olimpia en Paraguay<\/strong>. Ahora, de igual forma que su hermano, ha llegado al<mark> futbol de Ecuador, pero \u00e9l para jugar con\u00a0Liga Universitario de Quito<\/mark>.<\/p>\n<p>As\u00ed el destino de ambos argentinos que no lograron terminar por despuntar en M\u00e9xico, as\u00ed como ellos se han visto historias de extranjeros que prometen pero no les alcanza para consolidarse en nuestro pa\u00eds.<\/p>\n<p style=\"text-align: center;\"><a href=\"https:\/\/www.futboltotal.com.mx\/futbol-internacional\/liga-de-espana\/la-camiseta-vintage-del-real-madrid-este-2018\/2018\/01\" target=\"_blank\" rel=\"noopener\">VER M\u00c1S La camiseta vintage del Real Madrid para este 2018<\/a><\/p>\n","protected":false},"excerpt":{"rendered":"<p>Los hermanos fueron dos jugadores que parec\u00edan despuntar en M\u00e9xico y acabaron por no lograrlo<\/p>\n","protected":false},"author":159,"featured_media":515130,"comment_status":"closed","ping_status":"closed","sticky":false,"template":"","format":"standard","meta":[],"categories":[2198,3845],"tags":[5959,4778,4779,64,6049,1555],"_links":{"self":[{"href":"http:\/\/desarrollo.grupomedios.com\/futbol\/wp-json\/wp\/v2\/posts\/515129"}],"collection":[{"href":"http:\/\/desarrollo.grupomedios.com\/futbol\/wp-json\/wp\/v2\/posts"}],"about":[{"href":"http:\/\/desarrollo.grupomedios.com\/futbol\/wp-json\/wp\/v2\/types\/post"}],"author":[{"embeddable":true,"href":"http:\/\/desarrollo.grupomedios.com\/futbol\/wp-json\/wp\/v2\/users\/159"}],"replies":[{"embeddable":true,"href":"http:\/\/desarrollo.grupomedios.com\/futbol\/wp-json\/wp\/v2\/comments?post=515129"}],"version-history":[{"count":1,"href":"http:\/\/desarrollo.grupomedios.com\/futbol\/wp-json\/wp\/v2\/posts\/515129\/revisions"}],"predecessor-version":[{"id":515131,"href":"http:\/\/desarrollo.grupomedios.com\/futbol\/wp-json\/wp\/v2\/posts\/515129\/revisions\/515131"}],"wp:featuredmedia":[{"embeddable":true,"href":"http:\/\/desarrollo.grupomedios.com\/futbol\/wp-json\/wp\/v2\/media\/515130"}],"wp:attachment":[{"href":"http:\/\/desarrollo.grupomedios.com\/futbol\/wp-json\/wp\/v2\/media?parent=515129"}],"wp:term":[{"taxonomy":"category","embeddable":true,"href":"http:\/\/desarrollo.grupomedios.com\/futbol\/wp-json\/wp\/v2\/categories?post=515129"},{"taxonomy":"post_tag","embeddable":true,"href":"http:\/\/desarrollo.grupomedios.com\/futbol\/wp-json\/wp\/v2\/tags?post=515129"}],"curies":[{"name":"wp","href":"https:\/\/api.w.org\/{rel}","templated":true}]}}