{"id":515139,"date":"2018-01-20T11:54:49","date_gmt":"2018-01-20T17:54:49","guid":{"rendered":"https:\/\/www.futboltotal.com.mx\/?p=515139"},"modified":"2018-01-20T12:11:24","modified_gmt":"2018-01-20T18:11:24","slug":"escalofriante-lesion-james-mccarthy-del-everton","status":"publish","type":"post","link":"http:\/\/desarrollo.grupomedios.com\/futbol\/futbol-internacional\/escalofriante-lesion-james-mccarthy-del-everton\/2018\/01","title":{"rendered":"Escalofriante lesi\u00f3n de James McCarthy del Everton"},"content":{"rendered":"<p>Escalofriantes im\u00e1genes las que se vieron en el duelo entre el <strong>Everton<\/strong> contra<strong> West Bromwich Albion<\/strong> en la <strong>Premier Lague<\/strong> cuando el futbolista irland\u00e9s\u00a0<strong>James McCarthy\u00a0<\/strong>sufri\u00f3 una lesi\u00f3n al querer tapar un disparo del delantero venezolano\u00a0<strong>Salom\u00f3n Rond\u00f3n,\u00a0<\/strong>quien sin intenci\u00f3n pate\u00f3 la pantorilla de McCarthy quien cay\u00f3 al suelo en lo que parece una fractura de tibia y peron\u00e9.<\/p>\n<p>A pesar que el club no se ha pronunciado por un diagn\u00f3stico, las im\u00e1genes de la pierna del futbolista han quedado en televisi\u00f3n y se han hecho virales por su contenido. Por su parte, Rond\u00f3n al ver lo sucedido no pudo contener las l\u00e1grimas.<\/p>\n<blockquote class=\"twitter-video\" data-lang=\"es\">\n<p dir=\"ltr\" lang=\"nl\"><a href=\"https:\/\/twitter.com\/hashtag\/McCarthy?src=hash&amp;ref_src=twsrc%5Etfw\">#McCarthy<\/a> vs <a href=\"https:\/\/twitter.com\/hashtag\/Rondon?src=hash&amp;ref_src=twsrc%5Etfw\">#Rondon<\/a> &#8211; Broken leg injury <a href=\"https:\/\/twitter.com\/hashtag\/EVEWBA?src=hash&amp;ref_src=twsrc%5Etfw\">#EVEWBA<\/a> <a href=\"https:\/\/t.co\/vloqpzqtS2\">pic.twitter.com\/vloqpzqtS2<\/a><\/p>\n<p>\u2014 GGU (@28Gennady) <a href=\"https:\/\/twitter.com\/28Gennady\/status\/954776344625233920?ref_src=twsrc%5Etfw\">20 de enero de 2018<\/a><\/p><\/blockquote>\n<p><script async src=\"https:\/\/platform.twitter.com\/widgets.js\" charset=\"utf-8\"><\/script><\/p>\n<p>&nbsp;<\/p>\n<p style=\"text-align: center;\"><a href=\"https:\/\/www.futboltotal.com.mx\/futbol-internacional\/liga-de-inglaterra\/west-ham-united-1-bournemouth-1-premier-league-2018-resumen\/2018\/01\" target=\"_blank\" rel=\"noopener\">VER M\u00c1S: Chicharito anota despu\u00e9s de tres meses y West Ham empata<\/a><\/p>\n<p>Aqu\u00ed las im\u00e1genes de lo sucedido:<\/p>\n<p><img decoding=\"async\" loading=\"lazy\" class=\"aligncenter size-full wp-image-515141\" src=\"https:\/\/www.futboltotal.com.mx\/wp-content\/uploads\/2018\/01\/lesion-everton-1.jpg\" alt=\"Escalofriante lesi\u00f3n de James McCarthy del Everton 0\" srcset=\"http:\/\/desarrollo.grupomedios.com\/futbol\/wp-content\/uploads\/2018\/01\/lesion-everton-1.jpg 700w, http:\/\/desarrollo.grupomedios.com\/futbol\/wp-content\/uploads\/2018\/01\/lesion-everton-1-300x198.jpg 300w\" sizes=\"(max-width: 700px) 100vw, 700px\" \/> <img decoding=\"async\" loading=\"lazy\" class=\"aligncenter size-full wp-image-515142\" src=\"https:\/\/www.futboltotal.com.mx\/wp-content\/uploads\/2018\/01\/lesion-everton-2.jpg\" alt=\"Escalofriante lesi\u00f3n de James McCarthy del Everton 1\" srcset=\"http:\/\/desarrollo.grupomedios.com\/futbol\/wp-content\/uploads\/2018\/01\/lesion-everton-2.jpg 700w, http:\/\/desarrollo.grupomedios.com\/futbol\/wp-content\/uploads\/2018\/01\/lesion-everton-2-300x204.jpg 300w\" sizes=\"(max-width: 700px) 100vw, 700px\" \/> <img decoding=\"async\" loading=\"lazy\" class=\"aligncenter size-full wp-image-515143\" src=\"https:\/\/www.futboltotal.com.mx\/wp-content\/uploads\/2018\/01\/lesion-everton-3.jpg\" alt=\"Escalofriante lesi\u00f3n de James McCarthy del Everton 2\" srcset=\"http:\/\/desarrollo.grupomedios.com\/futbol\/wp-content\/uploads\/2018\/01\/lesion-everton-3.jpg 700w, http:\/\/desarrollo.grupomedios.com\/futbol\/wp-content\/uploads\/2018\/01\/lesion-everton-3-300x207.jpg 300w\" sizes=\"(max-width: 700px) 100vw, 700px\" \/><\/p>\n<p><img decoding=\"async\" loading=\"lazy\" class=\"aligncenter size-full wp-image-515140\" src=\"https:\/\/www.futboltotal.com.mx\/wp-content\/uploads\/2018\/01\/lesion-everton.jpg\" alt=\"Escalofriante lesi\u00f3n de James McCarthy del Everton 3\" srcset=\"http:\/\/desarrollo.grupomedios.com\/futbol\/wp-content\/uploads\/2018\/01\/lesion-everton.jpg 1200w, http:\/\/desarrollo.grupomedios.com\/futbol\/wp-content\/uploads\/2018\/01\/lesion-everton-300x184.jpg 300w, http:\/\/desarrollo.grupomedios.com\/futbol\/wp-content\/uploads\/2018\/01\/lesion-everton-768x470.jpg 768w, http:\/\/desarrollo.grupomedios.com\/futbol\/wp-content\/uploads\/2018\/01\/lesion-everton-1024x627.jpg 1024w\" sizes=\"(max-width: 1200px) 100vw, 1200px\" \/> <img decoding=\"async\" loading=\"lazy\" class=\"aligncenter size-full wp-image-515144\" src=\"https:\/\/www.futboltotal.com.mx\/wp-content\/uploads\/2018\/01\/lesion-everton-4.jpg\" alt=\"Escalofriante lesi\u00f3n de James McCarthy del Everton 4\" srcset=\"http:\/\/desarrollo.grupomedios.com\/futbol\/wp-content\/uploads\/2018\/01\/lesion-everton-4.jpg 1034w, http:\/\/desarrollo.grupomedios.com\/futbol\/wp-content\/uploads\/2018\/01\/lesion-everton-4-300x282.jpg 300w, http:\/\/desarrollo.grupomedios.com\/futbol\/wp-content\/uploads\/2018\/01\/lesion-everton-4-768x721.jpg 768w, http:\/\/desarrollo.grupomedios.com\/futbol\/wp-content\/uploads\/2018\/01\/lesion-everton-4-1024x962.jpg 1024w\" sizes=\"(max-width: 1034px) 100vw, 1034px\" \/><\/p>\n<p style=\"text-align: center;\"><a href=\"https:\/\/www.futboltotal.com.mx\/futbol-mexicano\/liga-mx\/aficion-atlas-descalabro-a-jugador-toluca\/2018\/01\" target=\"_blank\" rel=\"noopener\">VER M\u00c1S: Afici\u00f3n de Atlas descalabr\u00f3 a jugador del Toluca<\/a><\/p>\n","protected":false},"excerpt":{"rendered":"<p>El irland\u00e9s parece tener fractura de tibia y peron\u00e9, lo que lo tendr\u00e1 alejado de las canchas por un buen rato<\/p>\n","protected":false},"author":159,"featured_media":515145,"comment_status":"closed","ping_status":"closed","sticky":false,"template":"","format":"standard","meta":[],"categories":[3839,3846],"tags":[219,11613,334,5587,7831],"_links":{"self":[{"href":"http:\/\/desarrollo.grupomedios.com\/futbol\/wp-json\/wp\/v2\/posts\/515139"}],"collection":[{"href":"http:\/\/desarrollo.grupomedios.com\/futbol\/wp-json\/wp\/v2\/posts"}],"about":[{"href":"http:\/\/desarrollo.grupomedios.com\/futbol\/wp-json\/wp\/v2\/types\/post"}],"author":[{"embeddable":true,"href":"http:\/\/desarrollo.grupomedios.com\/futbol\/wp-json\/wp\/v2\/users\/159"}],"replies":[{"embeddable":true,"href":"http:\/\/desarrollo.grupomedios.com\/futbol\/wp-json\/wp\/v2\/comments?post=515139"}],"version-history":[{"count":2,"href":"http:\/\/desarrollo.grupomedios.com\/futbol\/wp-json\/wp\/v2\/posts\/515139\/revisions"}],"predecessor-version":[{"id":515147,"href":"http:\/\/desarrollo.grupomedios.com\/futbol\/wp-json\/wp\/v2\/posts\/515139\/revisions\/515147"}],"wp:featuredmedia":[{"embeddable":true,"href":"http:\/\/desarrollo.grupomedios.com\/futbol\/wp-json\/wp\/v2\/media\/515145"}],"wp:attachment":[{"href":"http:\/\/desarrollo.grupomedios.com\/futbol\/wp-json\/wp\/v2\/media?parent=515139"}],"wp:term":[{"taxonomy":"category","embeddable":true,"href":"http:\/\/desarrollo.grupomedios.com\/futbol\/wp-json\/wp\/v2\/categories?post=515139"},{"taxonomy":"post_tag","embeddable":true,"href":"http:\/\/desarrollo.grupomedios.com\/futbol\/wp-json\/wp\/v2\/tags?post=515139"}],"curies":[{"name":"wp","href":"https:\/\/api.w.org\/{rel}","templated":true}]}}