{"id":515151,"date":"2018-01-20T14:05:55","date_gmt":"2018-01-20T20:05:55","guid":{"rendered":"https:\/\/www.futboltotal.com.mx\/?p=515151"},"modified":"2018-01-20T14:05:55","modified_gmt":"2018-01-20T20:05:55","slug":"chicharito-todos-sus-divorcios-gol","status":"publish","type":"post","link":"http:\/\/desarrollo.grupomedios.com\/futbol\/destacado-home\/chicharito-todos-sus-divorcios-gol\/2018\/01","title":{"rendered":"Chicharito y todos sus &#8216;divorcios&#8217; con el gol"},"content":{"rendered":"<p>Este s\u00e1bado 20 de enero el delantero mexicano<a href=\"https:\/\/www.futboltotal.com.mx\/futbol-internacional\/liga-de-inglaterra\/la-cifra-pone-besiktas-llevarse-a-chicharito\/2018\/01\" target=\"_blank\" rel=\"noopener\"> <strong>Javier &#8216;Chicharito&#8217; Hern\u00e1ndez<\/strong><\/a> logr\u00f3 anotar un gol en el empate de su equipo el<a href=\"https:\/\/www.futboltotal.com.mx\/futbol-internacional\/liga-de-inglaterra\/west-ham-united-1-bournemouth-1-premier-league-2018-resumen\/2018\/01\" target=\"_blank\" rel=\"noopener\"><strong> West Ham United<\/strong> ante el <strong>Bournemouth<\/strong> <\/a>y rompi\u00f3 su mala racha sin gol, pero esto no es algo ajeno al atacante azteca, quien desde su llegada al futbol de Europa le ha tocado vivir este tipo de sequ\u00edas.<\/p>\n<p>A pesar de ser el m\u00e1ximo anotador de la <strong>Selecci\u00f3n Mexicana<\/strong>, el delantero ha tenido varias bajas de juego en las que, ya sea por pocos minutos o falta de tino al arco no ha logrado concretar la m\u00e1ximo de un &#8216;9&#8217;; anotar goles. <strong>Aqu\u00ed te dejamos un recuento con sus peores rachas:<\/strong><\/p>\n<p><mark>En Chivas sufri\u00f3 poco<\/mark><\/p>\n<p>Con el Reba\u00f1o, entre 2007 y 2008 estuvo en 11 partidos sin poder ver puerta,lo que en ese momento pareci\u00f3 un calvario para el atacante, pero su juventud lo pon\u00eda como una simple baja de juego normal para un canterano que iba comenzando su carrera.<\/p>\n<p><mark>En el Manchester United, se le apareci\u00f3 el Diablo<\/mark><\/p>\n<p>En la temporada 2013-2014 con la salida del entrenador Alex Ferguson y la llegada de David Moyes, el delantero mexicano estuvo doce veces en el terreno de juego sin poder anotar gol, en gran parte la poca actividad lo merm\u00f3 pero durante estas oportunidades el mexicano no pudo encontrar arco, a\u00fan cuando siempre fue un delantero que aprovechaba los minutos que fueran para anotar.<\/p>\n<p style=\"text-align: center;\"><a href=\"https:\/\/www.futboltotal.com.mx\/futbol-mexicano\/liga-mx\/aficion-atlas-descalabro-a-jugador-toluca\/2018\/01\" target=\"_blank\" rel=\"noopener\">VER M\u00c1S: Afici\u00f3n de Atlas descalabr\u00f3 a un jugador de Toluca<\/a><\/p>\n<p><mark>Con el Tri tambi\u00e9n le hay sequ\u00eda<\/mark><\/p>\n<p>El 22 de junio del 2013 la Selecci\u00f3n Mexicana gan\u00f3 el duelo de la Copa Confederaciones ante Jap\u00f3n y los dos tantos fueron de Chicharito, pero jam\u00e1s imaginaron que despu\u00e9s de ese encuentro comenzar\u00eda una racha de horror para el mexicano, quien tuvo que esperar hasta el 23 de junio del 2014 en la Copa del Mundo de Brasil para volver a festejar un gol con el Tri en el duelo ante Croacia.<\/p>\n<p>En los duelos de eliminatoria no puedo anotar en ninguna ocasi\u00f3n, adem\u00e1s que se le vio fallar jugadas claras para lograr anotar, incluyendo un penal ante Panam\u00e1. En su baja de juego tambi\u00e9n influy\u00f3 en demas\u00eda su nula actividad con los Red Devils.<\/p>\n<p><mark>Con el Real Madrid y la Verde<\/mark><\/p>\n<p>En el 2015, aunque en menor medida, el delantero mexicano fue relegado a la banca pero en los minutos que pudo ver acci\u00f3n de igual manera le cost\u00f3 trabajo lograr anotar, entre <a href=\"https:\/\/www.futboltotal.com.mx\/futbol-internacional\/liga-de-espana\/la-camiseta-vintage-del-real-madrid-este-2018\/2018\/01\" target=\"_blank\" rel=\"noopener\">Real Madrid <\/a>y la Selecci\u00f3n Mexicana pas\u00f3 12 encuentros sin poder escribir su nombre entre los goleadores.<\/p>\n<p><mark>Con el Leverkusen fue la peor<\/mark><\/p>\n<p>Cuando militaba en el Bayer Leverkusen el mexicano pas\u00f3 120 d\u00edas sin anotar un gol, su \u00faltima anotaci\u00f3n hab\u00eda sido el 1 de octubre del 2016 y fue hasta el 29 de octubre que pudo volver a marcar en un partido oficial por la Bundesliga ante\u00a0Borussia M\u00f6nchengladbach. Esta ha sido la peor racha del mexicano sin poder anotar un gol.<\/p>\n<p><mark>La \u00faltima con el West Ham<\/mark><\/p>\n<p>El mexicano anot\u00f3 este 20 de enero ante el\u00a0Bournemouth y as\u00ed rompi\u00f3 su sequ\u00eda goleadora que arrastraba desde el 28 de octubre que le hab\u00eda marcado al\u00a0<strong>Crystal Palace,\u00a0<\/strong>pasaron pr\u00e1cticamente 3 meses para que el mexicano volviera a ver el marco. Una vez m\u00e1s el estratega es David Moyes.<\/p>\n<p style=\"text-align: center;\"><a href=\"https:\/\/www.futboltotal.com.mx\/futbol-internacional\/liga-de-inglaterra\/escalofriante-lesion-james-mccarthy-del-everton\/2018\/01\" target=\"_blank\" rel=\"noopener\">VER M\u00c1S: Escalofriante lesi\u00f3n de James McCarthy del Everton<\/a><\/p>\n","protected":false},"excerpt":{"rendered":"<p>El mexicano ha vivido seis periodos durante su carrera en los que no logra ver puerta<\/p>\n","protected":false},"author":159,"featured_media":515153,"comment_status":"closed","ping_status":"closed","sticky":false,"template":"","format":"standard","meta":[],"categories":[5,3839,3846],"tags":[4335,120,549,70,43,5988,3901],"_links":{"self":[{"href":"http:\/\/desarrollo.grupomedios.com\/futbol\/wp-json\/wp\/v2\/posts\/515151"}],"collection":[{"href":"http:\/\/desarrollo.grupomedios.com\/futbol\/wp-json\/wp\/v2\/posts"}],"about":[{"href":"http:\/\/desarrollo.grupomedios.com\/futbol\/wp-json\/wp\/v2\/types\/post"}],"author":[{"embeddable":true,"href":"http:\/\/desarrollo.grupomedios.com\/futbol\/wp-json\/wp\/v2\/users\/159"}],"replies":[{"embeddable":true,"href":"http:\/\/desarrollo.grupomedios.com\/futbol\/wp-json\/wp\/v2\/comments?post=515151"}],"version-history":[{"count":2,"href":"http:\/\/desarrollo.grupomedios.com\/futbol\/wp-json\/wp\/v2\/posts\/515151\/revisions"}],"predecessor-version":[{"id":515154,"href":"http:\/\/desarrollo.grupomedios.com\/futbol\/wp-json\/wp\/v2\/posts\/515151\/revisions\/515154"}],"wp:featuredmedia":[{"embeddable":true,"href":"http:\/\/desarrollo.grupomedios.com\/futbol\/wp-json\/wp\/v2\/media\/515153"}],"wp:attachment":[{"href":"http:\/\/desarrollo.grupomedios.com\/futbol\/wp-json\/wp\/v2\/media?parent=515151"}],"wp:term":[{"taxonomy":"category","embeddable":true,"href":"http:\/\/desarrollo.grupomedios.com\/futbol\/wp-json\/wp\/v2\/categories?post=515151"},{"taxonomy":"post_tag","embeddable":true,"href":"http:\/\/desarrollo.grupomedios.com\/futbol\/wp-json\/wp\/v2\/tags?post=515151"}],"curies":[{"name":"wp","href":"https:\/\/api.w.org\/{rel}","templated":true}]}}