{"id":515174,"date":"2018-01-20T14:02:27","date_gmt":"2018-01-20T20:02:27","guid":{"rendered":"https:\/\/www.futboltotal.com.mx\/?p=515174"},"modified":"2018-01-21T15:53:03","modified_gmt":"2018-01-21T21:53:03","slug":"real-betis-vs-barcelona-laliga-en-vivo-minuto-a-minuto","status":"publish","type":"post","link":"http:\/\/desarrollo.grupomedios.com\/futbol\/futbol-internacional\/real-betis-vs-barcelona-laliga-en-vivo-minuto-a-minuto\/2018\/01","title":{"rendered":"Real Betis vs Barcelona | LaLiga | EN VIVO: Minuto a minuto"},"content":{"rendered":"<p>El\u00a0<strong><span class=\"classCadenaBusqueda\">Real<\/span>\u00a0Betis<\/strong> busca este domingo encontrar, como el Espanyol en la ida de los cuartos de la Copa del Rey (1-0), los pocos resquicios en el juego del l\u00edder, el <strong>Barcelona<\/strong>, que retoma el pulso en la liga espa\u00f1ola donde continua invicto.<\/p>\n<div><iframe src=\"https:\/\/en-vivo.futboltotal.com.mx\/embed.php\/?id=521\" width=\"100%\" id=\"frame_minuto\"><\/iframe><\/div>\n<p>Los verdiblancos vienen de ganar de forma consecutiva al <strong>Sevilla<\/strong> (3-5) y al <strong>Legan\u00e9s<\/strong> (3-2), ante el que rompieron una racha de cuatro partidos sin ganar en casa, y para sumar ante un l\u00edder intratable e invicto en Liga habr\u00e1n de afinar, casi musicalmente, sus mecanismos defensivos ante la eficacia goleadora (50) de los de <strong>Ernesto Valverde<\/strong> y rentabilizar su solvente juego de ataque.<\/p>\n<p>El t\u00e9cnico <strong>Quique Seti\u00e9n<\/strong> recupera a su pareja de centrales: el puntal marroqu\u00ed Zou Feddal y el argelino A\u00efssa Mandi, tras haber cumplido ambos sus sanciones, aunque \u00e9ste ser\u00e1 duda hasta \u00faltima hora por un esguince de tobillo y, si no se recupera, podr\u00eda jugar Jordi Amat, con el canterano Francis Guerrero, reciclado en tareas defensivas, como lateral derecho por la lesi\u00f3n de Antonio Barrag\u00e1n.<\/p>\n<p>El f\u00fatbol total del Barcelona, no obstante, obligar\u00e1 al c\u00e1ntabro a un sistema defensivo an\u00e1logo en el que tendr\u00e1 importancia tanto la presi\u00f3n alta del delantero Sergio Le\u00f3n y las bandas de Joaqu\u00edn S\u00e1nchez y del exbarcelonista <strong>Cristian Tello<\/strong> como el entramado de marcas que disponga en el centro del campo.<\/p>\n<p>En esta zona volver\u00e1 al eje el polivalente Javi Garc\u00eda tras su labor de central ante el Legan\u00e9s, quien ser\u00e1 acompa\u00f1ado en las labores de contenci\u00f3n y salida, y de creaci\u00f3n de juego por sus habituales escuderos, el mexicano <strong>Andr\u00e9s Guardado<\/strong> y la revelaci\u00f3n del a\u00f1o en el centro del campo b\u00e9tico, el canterano Fabi\u00e1n Ruiz.<\/p>\n<p>En el juego de toque y de apertura del campo de los de Seti\u00e9n tendr\u00e1 especial importancia la veteran\u00eda del capit\u00e1n <strong>Joaqu\u00edn<\/strong> a la hora de manejar los tiempos y el buen momento de juego alcanzado por Tello, quien se reencuentra por vez primera con los suyos tras su salida de Can Bar\u00e7a cedido a la Fiorentina y traspasado al Betis.<\/p>\n<p>Seti\u00e9n, que cumplir\u00e1 su tercer partido de sanci\u00f3n y ser\u00e1 suplido por su segundo, \u00c9der Sarabia, que ya ha cumplido la suya de dos, podr\u00eda darle minutos durante el partido al argelino <strong>Ryad Boudebouz<\/strong> y al delantero <strong>Rub\u00e9n Castro<\/strong>, que marc\u00f3 de penalti el gol de la victoria ante el Legan\u00e9s.<\/p>\n<p>Tras poner fin a 29 partidos sin conocer la derrota en el derbi copero disputado el pasado mi\u00e9rcoles en el RCDE Stadium, el Barcelona retoma el pulso a <strong>LaLiga Santander<\/strong>, donde esta temporada est\u00e1 ejerciendo un dominio insultante.<\/p>\n<p>El conjunto azulgrana sigue invicto en el torneo y es l\u00edder con 9 puntos de ventaja sobre el segundo clasificado, el <strong>Atl\u00e9tico de\u00a0<span class=\"classCadenaBusqueda\">Madrid<\/span>\u00a0<\/strong>y 19 respecto al eterno rival, el\u00a0<strong><span class=\"classCadenaBusqueda\">Real<\/span>\u00a0<span class=\"classCadenaBusqueda\">Madrid<\/span><\/strong>.<\/p>\n","protected":false},"excerpt":{"rendered":"<p>Andr\u00e9s Guardado contra Lionel Messi, duelo de poder en el mediocampo<\/p>\n","protected":false},"author":160,"featured_media":515175,"comment_status":"closed","ping_status":"closed","sticky":false,"template":"","format":"standard","meta":[],"categories":[3839,3844],"tags":[5984,6114,1192],"_links":{"self":[{"href":"http:\/\/desarrollo.grupomedios.com\/futbol\/wp-json\/wp\/v2\/posts\/515174"}],"collection":[{"href":"http:\/\/desarrollo.grupomedios.com\/futbol\/wp-json\/wp\/v2\/posts"}],"about":[{"href":"http:\/\/desarrollo.grupomedios.com\/futbol\/wp-json\/wp\/v2\/types\/post"}],"author":[{"embeddable":true,"href":"http:\/\/desarrollo.grupomedios.com\/futbol\/wp-json\/wp\/v2\/users\/160"}],"replies":[{"embeddable":true,"href":"http:\/\/desarrollo.grupomedios.com\/futbol\/wp-json\/wp\/v2\/comments?post=515174"}],"version-history":[{"count":1,"href":"http:\/\/desarrollo.grupomedios.com\/futbol\/wp-json\/wp\/v2\/posts\/515174\/revisions"}],"predecessor-version":[{"id":515176,"href":"http:\/\/desarrollo.grupomedios.com\/futbol\/wp-json\/wp\/v2\/posts\/515174\/revisions\/515176"}],"wp:featuredmedia":[{"embeddable":true,"href":"http:\/\/desarrollo.grupomedios.com\/futbol\/wp-json\/wp\/v2\/media\/515175"}],"wp:attachment":[{"href":"http:\/\/desarrollo.grupomedios.com\/futbol\/wp-json\/wp\/v2\/media?parent=515174"}],"wp:term":[{"taxonomy":"category","embeddable":true,"href":"http:\/\/desarrollo.grupomedios.com\/futbol\/wp-json\/wp\/v2\/categories?post=515174"},{"taxonomy":"post_tag","embeddable":true,"href":"http:\/\/desarrollo.grupomedios.com\/futbol\/wp-json\/wp\/v2\/tags?post=515174"}],"curies":[{"name":"wp","href":"https:\/\/api.w.org\/{rel}","templated":true}]}}