{"id":515177,"date":"2018-01-20T16:16:57","date_gmt":"2018-01-20T22:16:57","guid":{"rendered":"https:\/\/www.futboltotal.com.mx\/?p=515177"},"modified":"2018-01-20T16:16:57","modified_gmt":"2018-01-20T22:16:57","slug":"portero-cumple-anos-lo-festeja-golazo-larga-distancia","status":"publish","type":"post","link":"http:\/\/desarrollo.grupomedios.com\/futbol\/videos\/portero-cumple-anos-lo-festeja-golazo-larga-distancia\/2018\/01","title":{"rendered":"Portero cumple a\u00f1os y lo festeja con golazo de larga distancia"},"content":{"rendered":"<p>En la <strong>Liga de Ascenso<\/strong> del futbol espa\u00f1ol se dio uno de los goles que podr\u00edan competir para la anotaci\u00f3n del a\u00f1o en el 2018.<\/p>\n<p>El arquero <strong>Juan Carlos Mart\u00edn<\/strong> del Lugo sorprendi\u00f3 a todos los asistentes al partido contra el <strong>Sporting de Gij\u00f3n<\/strong> para brindar uno de los mejores partidos de su vida.<\/p>\n<p><mark>El futbolista cumpli\u00f3 este s\u00e1bado 30 a\u00f1os y lo festej\u00f3 de una manera sublime y jam\u00e1s pensada.<\/mark><\/p>\n<p>Se jugaba el minuto 80 del partido, <strong>Lugo<\/strong> ganaba 2-1 y el encuentro estaba viviendo momentos trepidantes.<\/p>\n<p>Fue cuando la figura del arquero <strong>Juan Carlos Mart\u00edn<\/strong> sali\u00f3 de su \u00e1rea, tom\u00f3 el bal\u00f3n y esto fue lo que pas\u00f3.<\/p>\n<blockquote class=\"twitter-video\" data-lang=\"es\">\n<p dir=\"ltr\" lang=\"es\">Ojo al golazo que le ha marcado <a href=\"https:\/\/twitter.com\/1uanCarlos?ref_src=twsrc%5Etfw\">@1uanCarlos<\/a>, portero del <a href=\"https:\/\/twitter.com\/CDeportivoLugo?ref_src=twsrc%5Etfw\">@CDeportivoLugo<\/a>, al Sporting. Y adem\u00e1s, en el d\u00eda de su cumplea\u00f1os. Brutal. <a href=\"https:\/\/twitter.com\/hashtag\/LugoSporting?src=hash&amp;ref_src=twsrc%5Etfw\">#LugoSporting<\/a> <a href=\"https:\/\/t.co\/CKPiTJVSS7\">pic.twitter.com\/CKPiTJVSS7<\/a><\/p>\n<p>\u2014 Carlos Galera (@carlosgalrod) <a href=\"https:\/\/twitter.com\/carlosgalrod\/status\/954825688841891841?ref_src=twsrc%5Etfw\">20 de enero de 2018<\/a><\/p><\/blockquote>\n<p><script async src=\"https:\/\/platform.twitter.com\/widgets.js\" charset=\"utf-8\"><\/script><\/p>\n","protected":false},"excerpt":{"rendered":"<p>El portero sali\u00f3 de su \u00e1rea, tom\u00f3 el bal\u00f3n con los pies, se coloc\u00f3 y&#8230; <\/p>\n","protected":false},"author":160,"featured_media":515178,"comment_status":"closed","ping_status":"closed","sticky":false,"template":"","format":"standard","meta":[],"categories":[3839,3844,4],"tags":[11621,11620],"_links":{"self":[{"href":"http:\/\/desarrollo.grupomedios.com\/futbol\/wp-json\/wp\/v2\/posts\/515177"}],"collection":[{"href":"http:\/\/desarrollo.grupomedios.com\/futbol\/wp-json\/wp\/v2\/posts"}],"about":[{"href":"http:\/\/desarrollo.grupomedios.com\/futbol\/wp-json\/wp\/v2\/types\/post"}],"author":[{"embeddable":true,"href":"http:\/\/desarrollo.grupomedios.com\/futbol\/wp-json\/wp\/v2\/users\/160"}],"replies":[{"embeddable":true,"href":"http:\/\/desarrollo.grupomedios.com\/futbol\/wp-json\/wp\/v2\/comments?post=515177"}],"version-history":[{"count":1,"href":"http:\/\/desarrollo.grupomedios.com\/futbol\/wp-json\/wp\/v2\/posts\/515177\/revisions"}],"predecessor-version":[{"id":515179,"href":"http:\/\/desarrollo.grupomedios.com\/futbol\/wp-json\/wp\/v2\/posts\/515177\/revisions\/515179"}],"wp:featuredmedia":[{"embeddable":true,"href":"http:\/\/desarrollo.grupomedios.com\/futbol\/wp-json\/wp\/v2\/media\/515178"}],"wp:attachment":[{"href":"http:\/\/desarrollo.grupomedios.com\/futbol\/wp-json\/wp\/v2\/media?parent=515177"}],"wp:term":[{"taxonomy":"category","embeddable":true,"href":"http:\/\/desarrollo.grupomedios.com\/futbol\/wp-json\/wp\/v2\/categories?post=515177"},{"taxonomy":"post_tag","embeddable":true,"href":"http:\/\/desarrollo.grupomedios.com\/futbol\/wp-json\/wp\/v2\/tags?post=515177"}],"curies":[{"name":"wp","href":"https:\/\/api.w.org\/{rel}","templated":true}]}}