{"id":515180,"date":"2018-01-20T17:16:09","date_gmt":"2018-01-20T23:16:09","guid":{"rendered":"https:\/\/www.futboltotal.com.mx\/?p=515180"},"modified":"2018-01-20T17:16:09","modified_gmt":"2018-01-20T23:16:09","slug":"guardado-acusa-malinchismo-los-aficionados-en-mexico","status":"publish","type":"post","link":"http:\/\/desarrollo.grupomedios.com\/futbol\/futbol-mexicano\/guardado-acusa-malinchismo-los-aficionados-en-mexico\/2018\/01","title":{"rendered":"Guardado acusa &#8220;malinchismo&#8221; de los aficionados en M\u00e9xico"},"content":{"rendered":"<p>El futbolista mexicano <strong>Andr\u00e9s Guardado<\/strong> se\u00f1al\u00f3 que los aficionados mexicanos no permiten las cr\u00edticas de gente de otros pa\u00edses.<\/p>\n<p>Guardado habl\u00f3 sobre este tema en apoyo a lo que sufri\u00f3 <strong>Paco J\u00e9mez<\/strong> en su estad\u00eda como t\u00e9cnico de la <strong>M\u00e1quina de Cruz Azul<\/strong>.<\/p>\n<p>En entrevista con <em>ESPN<\/em>, el &#8216;Principito&#8217; se\u00f1al\u00f3 que la forma de ser claro y directo de J\u00e9mez no fue algo que agrad\u00f3 a la afici\u00f3n mexicana.<\/p>\n<p style=\"text-align: center;\"><span style=\"color: #333399;\"><a href=\"https:\/\/www.futboltotal.com.mx\/destacado-home\/chicharito-todos-sus-divorcios-gol\/2018\/01\">VER M\u00c1S:\u00a0<span class=\"item-title\">Chicharito y todos sus \u2018divorcios\u2019 con el gol<\/span><\/a><\/span><\/p>\n<p><mark>&#8220;Lo entiendo porque soy mexicano. Nosotros nos podemos decir de cosas, pero si alguien de fuera nos viene a decir algo, ufff, lo tomamos mal&#8221;<\/mark>, sentenci\u00f3 Guardado.<\/p>\n","protected":false},"excerpt":{"rendered":"<p>El &#8216;Principito&#8217; mostr\u00f3 su apoyo al timonel Paco J\u00e9mez<\/p>\n","protected":false},"author":160,"featured_media":515181,"comment_status":"closed","ping_status":"closed","sticky":false,"template":"","format":"standard","meta":[],"categories":[2198,3845],"tags":[6046,7053],"_links":{"self":[{"href":"http:\/\/desarrollo.grupomedios.com\/futbol\/wp-json\/wp\/v2\/posts\/515180"}],"collection":[{"href":"http:\/\/desarrollo.grupomedios.com\/futbol\/wp-json\/wp\/v2\/posts"}],"about":[{"href":"http:\/\/desarrollo.grupomedios.com\/futbol\/wp-json\/wp\/v2\/types\/post"}],"author":[{"embeddable":true,"href":"http:\/\/desarrollo.grupomedios.com\/futbol\/wp-json\/wp\/v2\/users\/160"}],"replies":[{"embeddable":true,"href":"http:\/\/desarrollo.grupomedios.com\/futbol\/wp-json\/wp\/v2\/comments?post=515180"}],"version-history":[{"count":1,"href":"http:\/\/desarrollo.grupomedios.com\/futbol\/wp-json\/wp\/v2\/posts\/515180\/revisions"}],"predecessor-version":[{"id":515182,"href":"http:\/\/desarrollo.grupomedios.com\/futbol\/wp-json\/wp\/v2\/posts\/515180\/revisions\/515182"}],"wp:featuredmedia":[{"embeddable":true,"href":"http:\/\/desarrollo.grupomedios.com\/futbol\/wp-json\/wp\/v2\/media\/515181"}],"wp:attachment":[{"href":"http:\/\/desarrollo.grupomedios.com\/futbol\/wp-json\/wp\/v2\/media?parent=515180"}],"wp:term":[{"taxonomy":"category","embeddable":true,"href":"http:\/\/desarrollo.grupomedios.com\/futbol\/wp-json\/wp\/v2\/categories?post=515180"},{"taxonomy":"post_tag","embeddable":true,"href":"http:\/\/desarrollo.grupomedios.com\/futbol\/wp-json\/wp\/v2\/tags?post=515180"}],"curies":[{"name":"wp","href":"https:\/\/api.w.org\/{rel}","templated":true}]}}