{"id":515186,"date":"2018-01-20T18:53:30","date_gmt":"2018-01-21T00:53:30","guid":{"rendered":"https:\/\/www.futboltotal.com.mx\/?p=515186"},"modified":"2018-01-20T18:53:30","modified_gmt":"2018-01-21T00:53:30","slug":"cruz-azul-0-leon-0-clausura-2018-resumen","status":"publish","type":"post","link":"http:\/\/desarrollo.grupomedios.com\/futbol\/destacado-home\/cruz-azul-0-leon-0-clausura-2018-resumen\/2018\/01","title":{"rendered":"La M\u00e1quina no pudo con Le\u00f3n en el Azul"},"content":{"rendered":"<p><strong>Cruz Azul<\/strong> sigue esa mala racha de no anotar goles en el estadio Azul, y s\u00f3lo igual\u00f3 con el <strong>Le\u00f3n<\/strong> en el duelo que abri\u00f3 la <strong>Jornada 3 del Torneo Clausura 2018 de la Liga MX<\/strong>.<\/p>\n<p>Los Esmeraldas tuvieron un gran primer tiempo con varias oportunidades de gol, pero entre <strong>Jes\u00fas Corona<\/strong> y la defensa cementera lograron mantener el arco en blanco.<\/p>\n<p>Incluso, al minuto 21, <strong>Enzo Roco<\/strong> sac\u00f3 en la l\u00ednea el disparo de El\u00edas Hern\u00e1ndez que era el primero para los visitantes.<\/p>\n<blockquote class=\"twitter-tweet\" data-partner=\"tweetdeck\">\n<p dir=\"ltr\" lang=\"es\">1\/2 tiempo en el Estadio Azul<a href=\"https:\/\/twitter.com\/Cruz_Azul_FC?ref_src=twsrc%5Etfw\">@Cruz_Azul_FC<\/a> 0-0 <a href=\"https:\/\/twitter.com\/clubleonfc?ref_src=twsrc%5Etfw\">@clubleonfc<\/a> <a href=\"https:\/\/twitter.com\/hashtag\/Jornada3?src=hash&amp;ref_src=twsrc%5Etfw\">#Jornada3<\/a> <a href=\"https:\/\/twitter.com\/hashtag\/Clausura2018?src=hash&amp;ref_src=twsrc%5Etfw\">#Clausura2018<\/a> de la <a href=\"https:\/\/twitter.com\/hashtag\/LIGABancomerMX?src=hash&amp;ref_src=twsrc%5Etfw\">#LIGABancomerMX<\/a><br \/>\n\u26bd <a href=\"https:\/\/twitter.com\/hashtag\/SienteTuLiga?src=hash&amp;ref_src=twsrc%5Etfw\">#SienteTuLiga<\/a> \u26bd <a href=\"https:\/\/twitter.com\/hashtag\/AbrazadosPorElFutbol?src=hash&amp;ref_src=twsrc%5Etfw\">#AbrazadosPorElFutbol<\/a> <a href=\"https:\/\/t.co\/em9nAZQQgF\">pic.twitter.com\/em9nAZQQgF<\/a><\/p>\n<p>\u2014 LIGA Bancomer MX (@LIGABancomerMX) <a href=\"https:\/\/twitter.com\/LIGABancomerMX\/status\/954863058278649856?ref_src=twsrc%5Etfw\">January 20, 2018<\/a><\/p><\/blockquote>\n<p><script async src=\"https:\/\/platform.twitter.com\/widgets.js\" charset=\"utf-8\"><\/script><\/p>\n<p>En la segunda mitad, el partido se torn\u00f3 celeste y los locales fueron m\u00e1s insistentes en el terreno, pero <strong>William Yarbrough<\/strong> respondi\u00f3 a la hora justa, y mantuvo el cero en su porter\u00eda.<\/p>\n","protected":false},"excerpt":{"rendered":"<p>Cruz Azul no fue capaz de anotar de nueva cuenta en su estadio<\/p>\n","protected":false},"author":160,"featured_media":515188,"comment_status":"closed","ping_status":"closed","sticky":false,"template":"","format":"standard","meta":[],"categories":[5,2198,3845],"tags":[9028,5962,5965],"_links":{"self":[{"href":"http:\/\/desarrollo.grupomedios.com\/futbol\/wp-json\/wp\/v2\/posts\/515186"}],"collection":[{"href":"http:\/\/desarrollo.grupomedios.com\/futbol\/wp-json\/wp\/v2\/posts"}],"about":[{"href":"http:\/\/desarrollo.grupomedios.com\/futbol\/wp-json\/wp\/v2\/types\/post"}],"author":[{"embeddable":true,"href":"http:\/\/desarrollo.grupomedios.com\/futbol\/wp-json\/wp\/v2\/users\/160"}],"replies":[{"embeddable":true,"href":"http:\/\/desarrollo.grupomedios.com\/futbol\/wp-json\/wp\/v2\/comments?post=515186"}],"version-history":[{"count":1,"href":"http:\/\/desarrollo.grupomedios.com\/futbol\/wp-json\/wp\/v2\/posts\/515186\/revisions"}],"predecessor-version":[{"id":515189,"href":"http:\/\/desarrollo.grupomedios.com\/futbol\/wp-json\/wp\/v2\/posts\/515186\/revisions\/515189"}],"wp:featuredmedia":[{"embeddable":true,"href":"http:\/\/desarrollo.grupomedios.com\/futbol\/wp-json\/wp\/v2\/media\/515188"}],"wp:attachment":[{"href":"http:\/\/desarrollo.grupomedios.com\/futbol\/wp-json\/wp\/v2\/media?parent=515186"}],"wp:term":[{"taxonomy":"category","embeddable":true,"href":"http:\/\/desarrollo.grupomedios.com\/futbol\/wp-json\/wp\/v2\/categories?post=515186"},{"taxonomy":"post_tag","embeddable":true,"href":"http:\/\/desarrollo.grupomedios.com\/futbol\/wp-json\/wp\/v2\/tags?post=515186"}],"curies":[{"name":"wp","href":"https:\/\/api.w.org\/{rel}","templated":true}]}}