{"id":515237,"date":"2018-01-21T14:10:34","date_gmt":"2018-01-21T20:10:34","guid":{"rendered":"https:\/\/www.futboltotal.com.mx\/?p=515237"},"modified":"2018-01-21T14:10:34","modified_gmt":"2018-01-21T20:10:34","slug":"tremendo-golpe-cristiano-en-partido-ante-deportivo","status":"publish","type":"post","link":"http:\/\/desarrollo.grupomedios.com\/futbol\/futbol-internacional\/tremendo-golpe-cristiano-en-partido-ante-deportivo\/2018\/01","title":{"rendered":"El tremendo golpe de Cristiano en partido ante el Deportivo"},"content":{"rendered":"<p><strong>Cristiano Ronaldo<\/strong>, delantero del<strong> Real Madrid<\/strong>, abandon\u00f3 el partido de <strong>Liga<\/strong> ante el <strong>Deportivo<\/strong> en el minuto 84 despu\u00e9s de sufrir una brecha cerca del ojo izquierdo.<\/p>\n<p>El jugador portugu\u00e9s recibi\u00f3 un golpe de <strong>Sch\u00e4r<\/strong> cuando remat\u00f3 de cabeza el sexto gol del Real Madrid, que gan\u00f3 7-1, y no pudo continuar sobre el c\u00e9sped.<\/p>\n<p style=\"text-align: center;\"><span style=\"color: #3366ff;\"><a href=\"https:\/\/www.futboltotal.com.mx\/futbol-internacional\/liga-de-espana\/real-madrid-7-deportivo-1-laliga-resumen\/2018\/01\">VER M\u00c1S: Real Madrid golea al Deportivo con una tarde inspirada de Gareth Bale<\/a><\/span><\/p>\n<p>Sin m\u00e1s cambios, el t\u00e9cnico <strong>Zinedine Zidane<\/strong> decidi\u00f3 sacar del campo al delantero luso y disputar los \u00faltimos minutos con un hombre menos.<\/p>\n<p>El jugador portugu\u00e9s pidi\u00f3 su celular al m\u00e9dico para ver la gravedad del golpe en su rostro, por lo que fue criticado en redes sociales.<\/p>\n<blockquote class=\"twitter-video\" data-lang=\"es\">\n<p dir=\"ltr\" lang=\"es\">En la cara no, porque de eso vivimos.<\/p>\n<p>Me uno a la molestia de <a href=\"https:\/\/twitter.com\/Cristiano?ref_src=twsrc%5Etfw\">@Cristiano<\/a>,<br \/>\n\u00a1\u00c1NIMO FIGURA!<\/p>\n<p>&#x1f3e5;&#x1f691; <a href=\"https:\/\/t.co\/KAYke4zJJ5\">pic.twitter.com\/KAYke4zJJ5<\/a><\/p>\n<p>\u2014 Leonardo Ria\u00f1o (@TotalmenteLeo) <a href=\"https:\/\/twitter.com\/TotalmenteLeo\/status\/955131112380162048?ref_src=twsrc%5Etfw\">21 de enero de 2018<\/a><\/p><\/blockquote>\n<p><script async src=\"https:\/\/platform.twitter.com\/widgets.js\" charset=\"utf-8\"><\/script><\/p>\n","protected":false},"excerpt":{"rendered":"<p>El portugu\u00e9s recibi\u00f3 varios puntos por un corte en la ceja.<\/p>\n","protected":false},"author":129,"featured_media":515240,"comment_status":"closed","ping_status":"closed","sticky":false,"template":"","format":"standard","meta":[],"categories":[3839,3844],"tags":[6013,217,6114,1913,5988],"_links":{"self":[{"href":"http:\/\/desarrollo.grupomedios.com\/futbol\/wp-json\/wp\/v2\/posts\/515237"}],"collection":[{"href":"http:\/\/desarrollo.grupomedios.com\/futbol\/wp-json\/wp\/v2\/posts"}],"about":[{"href":"http:\/\/desarrollo.grupomedios.com\/futbol\/wp-json\/wp\/v2\/types\/post"}],"author":[{"embeddable":true,"href":"http:\/\/desarrollo.grupomedios.com\/futbol\/wp-json\/wp\/v2\/users\/129"}],"replies":[{"embeddable":true,"href":"http:\/\/desarrollo.grupomedios.com\/futbol\/wp-json\/wp\/v2\/comments?post=515237"}],"version-history":[{"count":1,"href":"http:\/\/desarrollo.grupomedios.com\/futbol\/wp-json\/wp\/v2\/posts\/515237\/revisions"}],"predecessor-version":[{"id":515241,"href":"http:\/\/desarrollo.grupomedios.com\/futbol\/wp-json\/wp\/v2\/posts\/515237\/revisions\/515241"}],"wp:featuredmedia":[{"embeddable":true,"href":"http:\/\/desarrollo.grupomedios.com\/futbol\/wp-json\/wp\/v2\/media\/515240"}],"wp:attachment":[{"href":"http:\/\/desarrollo.grupomedios.com\/futbol\/wp-json\/wp\/v2\/media?parent=515237"}],"wp:term":[{"taxonomy":"category","embeddable":true,"href":"http:\/\/desarrollo.grupomedios.com\/futbol\/wp-json\/wp\/v2\/categories?post=515237"},{"taxonomy":"post_tag","embeddable":true,"href":"http:\/\/desarrollo.grupomedios.com\/futbol\/wp-json\/wp\/v2\/tags?post=515237"}],"curies":[{"name":"wp","href":"https:\/\/api.w.org\/{rel}","templated":true}]}}