{"id":515258,"date":"2018-01-21T17:21:42","date_gmt":"2018-01-21T23:21:42","guid":{"rendered":"https:\/\/www.futboltotal.com.mx\/?p=515258"},"modified":"2018-01-21T17:21:42","modified_gmt":"2018-01-21T23:21:42","slug":"inter-roma-empatan-hector-moreno-otra-vez-en-la-banca","status":"publish","type":"post","link":"http:\/\/desarrollo.grupomedios.com\/futbol\/futbol-internacional\/inter-roma-empatan-hector-moreno-otra-vez-en-la-banca\/2018\/01","title":{"rendered":"Inter y Roma empatan; H\u00e9ctor Moreno&#8230; otra vez en la banca"},"content":{"rendered":"<p>El <strong>Inter<\/strong> y el <strong>Roma<\/strong> empataron 1-1 este domingo en <strong>San Siro<\/strong>, con un gol del uruguayo <strong>Mat\u00edas Vecino<\/strong> que igual\u00f3 en el 86 una diana del italiano <strong>Stephan El Shaarawy<\/strong>, en un duelo que confirm\u00f3 el momento de dificultad de los dos equipos en la liga italiana.<\/p>\n<blockquote class=\"twitter-tweet\" data-data-dnt=\"true\">\n<p lang=\"es\" dir=\"ltr\">90&#39; FINAL. \ud83d\udccd<br \/>\u00a1Rescatamos un punto en el final en un cl\u00e1sico dif\u00edcil!<a href=\"https:\/\/twitter.com\/hashtag\/InterRoma?src=hash&amp;ref_src=twsrc%5Etfw\">#InterRoma<\/a> 1\u20e3 x 1\u20e3<a href=\"https:\/\/twitter.com\/hashtag\/ForzaInter?src=hash&amp;ref_src=twsrc%5Etfw\">#ForzaInter<\/a> \u26ab\ufe0f\ud83d\udd35 <a href=\"https:\/\/t.co\/vBmVoKT9FX\">pic.twitter.com\/vBmVoKT9FX<\/a><\/p>\n<p>&mdash; Inter (@Inter_es) <a href=\"https:\/\/twitter.com\/Inter_es\/status\/955193752884338689?ref_src=twsrc%5Etfw\">January 21, 2018<\/a><\/p><\/blockquote>\n<p><script async src=\"https:\/\/platform.twitter.com\/widgets.js\" charset=\"utf-8\"><\/script><\/p>\n<p>El Inter no conoce la victoria desde hace seis partidos, cuando triunf\u00f3 contra el <strong>Chievo<\/strong>, mientras que el Roma lleva cuatro jornadas sin ganar y pag\u00f3 este domingo el duro baj\u00f3n sufrido en la segunda mitad.<\/p>\n<p>El resultado de San Siro no deja satisfecho ni al Roma, que se queda quinto, ni al Inter, que es cuarto y que tratar\u00e1 de consolarse con la inminente llegada del hispano-brasile\u00f1o <strong>Rafinha Alc\u00e1ntara<\/strong>, que viaj\u00f3 este domingo a Mil\u00e1n procedente del <strong>Barcelona<\/strong> para pasar el reconocimiento m\u00e9dico.<\/p>\n<p>Por su parte, el mexicano <strong>H\u00e9ctor Moreno<\/strong> no fue tomado en cuenta por el entrenador de <em>La Loba<\/em> y el mexicano volvi\u00f3 a ver el partido desde el banco de suplentes.<\/p>\n","protected":false},"excerpt":{"rendered":"<p>El mexicano volvi\u00f3 a quedar fuera durante el encuentro.<\/p>\n","protected":false},"author":129,"featured_media":515259,"comment_status":"closed","ping_status":"closed","sticky":false,"template":"","format":"standard","meta":[],"categories":[3839,3848],"tags":[6214,5987,227,3759,320,10602],"_links":{"self":[{"href":"http:\/\/desarrollo.grupomedios.com\/futbol\/wp-json\/wp\/v2\/posts\/515258"}],"collection":[{"href":"http:\/\/desarrollo.grupomedios.com\/futbol\/wp-json\/wp\/v2\/posts"}],"about":[{"href":"http:\/\/desarrollo.grupomedios.com\/futbol\/wp-json\/wp\/v2\/types\/post"}],"author":[{"embeddable":true,"href":"http:\/\/desarrollo.grupomedios.com\/futbol\/wp-json\/wp\/v2\/users\/129"}],"replies":[{"embeddable":true,"href":"http:\/\/desarrollo.grupomedios.com\/futbol\/wp-json\/wp\/v2\/comments?post=515258"}],"version-history":[{"count":1,"href":"http:\/\/desarrollo.grupomedios.com\/futbol\/wp-json\/wp\/v2\/posts\/515258\/revisions"}],"predecessor-version":[{"id":515260,"href":"http:\/\/desarrollo.grupomedios.com\/futbol\/wp-json\/wp\/v2\/posts\/515258\/revisions\/515260"}],"wp:featuredmedia":[{"embeddable":true,"href":"http:\/\/desarrollo.grupomedios.com\/futbol\/wp-json\/wp\/v2\/media\/515259"}],"wp:attachment":[{"href":"http:\/\/desarrollo.grupomedios.com\/futbol\/wp-json\/wp\/v2\/media?parent=515258"}],"wp:term":[{"taxonomy":"category","embeddable":true,"href":"http:\/\/desarrollo.grupomedios.com\/futbol\/wp-json\/wp\/v2\/categories?post=515258"},{"taxonomy":"post_tag","embeddable":true,"href":"http:\/\/desarrollo.grupomedios.com\/futbol\/wp-json\/wp\/v2\/tags?post=515258"}],"curies":[{"name":"wp","href":"https:\/\/api.w.org\/{rel}","templated":true}]}}