{"id":515299,"date":"2018-01-21T21:50:28","date_gmt":"2018-01-22T03:50:28","guid":{"rendered":"https:\/\/www.futboltotal.com.mx\/?p=515299"},"modified":"2018-01-21T21:50:28","modified_gmt":"2018-01-22T03:50:28","slug":"river-plate-vence-a-boca-juniors-se-lleva-primer-superclasico-2018","status":"publish","type":"post","link":"http:\/\/desarrollo.grupomedios.com\/futbol\/futbol-internacional\/river-plate-vence-a-boca-juniors-se-lleva-primer-superclasico-2018\/2018\/01","title":{"rendered":"River Plate vence a Boca Juniors y se lleva el primer Supercl\u00e1sico de 2018"},"content":{"rendered":"<p>Con un tanto del colombiano<strong> Rafael Santos Borr\u00e9<\/strong>,<strong> River Plate<\/strong> se impuso por 1-0 ante <strong>Boca Juniors<\/strong> en el \u00fanico <strong>supercl\u00e1sico<\/strong> del torneo de verano.<\/p>\n<blockquote class=\"twitter-tweet\" data-data-dnt=\"true\">\n<p lang=\"es\" dir=\"ltr\">\u00a1\u00a1\u00a1GAN\u00d3 <a href=\"https:\/\/twitter.com\/hashtag\/RIVER?src=hash&amp;ref_src=twsrc%5Etfw\">#RIVER<\/a>!!! \ud83d\ude4c\ud83d\udc4f\ud83d\udc4b<\/p>\n<p>\u26bd\ufe0f <a href=\"https:\/\/twitter.com\/hashtag\/River?src=hash&amp;ref_src=twsrc%5Etfw\">#River<\/a> 1 (Borr\u00e9) &#8211; Boca 0<\/p>\n<p>\ud83d\udd36 Amonestados: G. Mart\u00ednez, Montiel (RIV); Mas, Pav\u00f3n, N\u00e1ndez (BOC).<br \/>\ud83d\udd34 Expulsado: Buffarini (BOC). <a href=\"https:\/\/t.co\/IAMRu3bSVi\">pic.twitter.com\/IAMRu3bSVi<\/a><\/p>\n<p>&mdash; River Plate (@RiverPlate) <a href=\"https:\/\/twitter.com\/RiverPlate\/status\/955275050877423617?ref_src=twsrc%5Etfw\">January 22, 2018<\/a><\/p><\/blockquote>\n<p><script async src=\"https:\/\/platform.twitter.com\/widgets.js\" charset=\"utf-8\"><\/script><\/p>\n<p>En un encuentro disputado en el <strong>estadio Jos\u00e9 Mar\u00eda Minella<\/strong> de Mar del Plata, el equipo &#8216;millonario&#8217; fue superior y se qued\u00f3 con la \u00faltima sonrisa del verano ante su cl\u00e1sico rival.<\/p>\n<p>Este fue la \u00faltima presentaci\u00f3n de ambos antes del reinicio de la<strong> Superliga<\/strong> y el comienzo de la<strong> Copa Libertadores<\/strong> para ambos, el gran objetivo de ambos clubes.<\/p>\n<p style=\"text-align: center;\"><span style=\"color: #3366ff;\"><a href=\"https:\/\/www.futboltotal.com.mx\/futbol-internacional\/liga-de-espana\/cristiano-le-dice-a-nino-messi-malo\/2018\/01\">VER M\u00c1S: Cristiano le dice a un ni\u00f1o que \u201cMessi es malo\u201d<\/a><\/span><\/p>\n<p>Para Boca, vigente l\u00edder de la Superliga, esta derrota marc\u00f3 un verano sin alegr\u00edas tras las derrotas ante Godoy Cruz (2-3) y por penaltis frente a Aldosivi (1-3), despu\u00e9s de empatar en dos durante el tiempo reglamentario.<\/p>\n<p>River, en tanto, consigui\u00f3 su primera alegr\u00eda luego de una pretemporada realizada en la ciudad estadounidense de Miami, que incluy\u00f3 un \u00fanico amistoso que termin\u00f3 con derrota ante el colombiano<strong> Independiente Santa Fe<\/strong> (1-2).<\/p>\n<p><iframe loading=\"lazy\" src=\"https:\/\/www.youtube.com\/embed\/j3A1qC0kxWA?feature=oembed\" frameborder=\"0\" allow=\"autoplay; encrypted-media\" allowfullscreen><\/iframe><\/p>\n<p>&nbsp;<\/p>\n","protected":false},"excerpt":{"rendered":"<p>El conjunto Millonario se llev\u00f3 el Cl\u00e1sico de Verano.<\/p>\n","protected":false},"author":129,"featured_media":515300,"comment_status":"closed","ping_status":"closed","sticky":false,"template":"","format":"standard","meta":[],"categories":[3839],"tags":[1683,11628,164,3395],"_links":{"self":[{"href":"http:\/\/desarrollo.grupomedios.com\/futbol\/wp-json\/wp\/v2\/posts\/515299"}],"collection":[{"href":"http:\/\/desarrollo.grupomedios.com\/futbol\/wp-json\/wp\/v2\/posts"}],"about":[{"href":"http:\/\/desarrollo.grupomedios.com\/futbol\/wp-json\/wp\/v2\/types\/post"}],"author":[{"embeddable":true,"href":"http:\/\/desarrollo.grupomedios.com\/futbol\/wp-json\/wp\/v2\/users\/129"}],"replies":[{"embeddable":true,"href":"http:\/\/desarrollo.grupomedios.com\/futbol\/wp-json\/wp\/v2\/comments?post=515299"}],"version-history":[{"count":1,"href":"http:\/\/desarrollo.grupomedios.com\/futbol\/wp-json\/wp\/v2\/posts\/515299\/revisions"}],"predecessor-version":[{"id":515301,"href":"http:\/\/desarrollo.grupomedios.com\/futbol\/wp-json\/wp\/v2\/posts\/515299\/revisions\/515301"}],"wp:featuredmedia":[{"embeddable":true,"href":"http:\/\/desarrollo.grupomedios.com\/futbol\/wp-json\/wp\/v2\/media\/515300"}],"wp:attachment":[{"href":"http:\/\/desarrollo.grupomedios.com\/futbol\/wp-json\/wp\/v2\/media?parent=515299"}],"wp:term":[{"taxonomy":"category","embeddable":true,"href":"http:\/\/desarrollo.grupomedios.com\/futbol\/wp-json\/wp\/v2\/categories?post=515299"},{"taxonomy":"post_tag","embeddable":true,"href":"http:\/\/desarrollo.grupomedios.com\/futbol\/wp-json\/wp\/v2\/tags?post=515299"}],"curies":[{"name":"wp","href":"https:\/\/api.w.org\/{rel}","templated":true}]}}