{"id":515302,"date":"2018-01-21T22:09:38","date_gmt":"2018-01-22T04:09:38","guid":{"rendered":"https:\/\/www.futboltotal.com.mx\/?p=515302"},"modified":"2018-01-23T20:14:26","modified_gmt":"2018-01-24T02:14:26","slug":"philadelpia-eagles-vs-new-england-pats-este-sera-super-bowl-lii","status":"publish","type":"post","link":"http:\/\/desarrollo.grupomedios.com\/futbol\/no-todo-es-futbol\/philadelpia-eagles-vs-new-england-pats-este-sera-super-bowl-lii\/2018\/01","title":{"rendered":"Philadelpia Eagles vs New England Pats, este ser\u00e1 el Super Bowl LII"},"content":{"rendered":"<p>Luego de que las <strong>Philadelphia Eagles<\/strong> terminaran con el sue\u00f1o de los<strong> Minnesota Vikings<\/strong> al aplastarlos en la Final de Conferencia, el <strong>Super Bowl LII<\/strong> de la <strong>NFL<\/strong> ha quedado definido con los equipos para el pr\u00f3ximo 4 de febrero.<\/p>\n<p>El equipo de <strong>Tom Brady<\/strong>\u00a0<b>y Bill Belichick<\/b>\u00a0buscar\u00e1 convertirse en el m\u00e1s ganador de la liga, mientras el nuevo monarca de la NFC intente alzar el<b>\u00a0<\/b>primer<b> Vince Lombardi <\/b>de su historia.<\/p>\n<p style=\"text-align: center;\"><span style=\"color: #3366ff;\"><a href=\"https:\/\/www.futboltotal.com.mx\/no-todo-es-futbol\/nfl\/brady-lidera-remontada-los-pats-estaran-en-super-bowl\/2018\/01\">VER M\u00c1S: Brady lidera remontada y los Pats estar\u00e1n en el Super Bowl<\/a><\/span><\/p>\n<p>Los Pats derrotaron a <strong>Jacksonville Jaguars<\/strong> 20-24 para proclamarse campeones de la Conferencia Americana por segunda ocasi\u00f3n consecutiva y disputar\u00e1n su octavo Super Bowl en 16 a\u00f1os, tercero en los \u00faltimos cuatro a\u00f1os.<\/p>\n<p>Curiosamente, aquel triunfo de los Pats sobre<strong> Eagles<\/strong> signific\u00f3 la \u00faltima ocasi\u00f3n que un equipo repiti\u00f3 como campe\u00f3n de la NFL, hecho que podr\u00eda volver a darse si el campe\u00f3n New England resulta vencedor en <strong>Minneapolis<\/strong>.<\/p>\n<blockquote class=\"twitter-tweet\" data-width=\"500\">\n<p lang=\"en\" dir=\"ltr\">The <a href=\"https:\/\/twitter.com\/Eagles?ref_src=twsrc%5Etfw\">@Eagles<\/a>.<br \/>The <a href=\"https:\/\/twitter.com\/Patriots?ref_src=twsrc%5Etfw\">@Patriots<\/a>.<\/p>\n<p>See you in Minneapolis! <a href=\"https:\/\/twitter.com\/hashtag\/GoPats?src=hash&amp;ref_src=twsrc%5Etfw\">#GoPats<\/a> <a href=\"https:\/\/twitter.com\/hashtag\/FlyEaglesFly?src=hash&amp;ref_src=twsrc%5Etfw\">#FlyEaglesFly<\/a> <a href=\"https:\/\/twitter.com\/hashtag\/SBLII?src=hash&amp;ref_src=twsrc%5Etfw\">#SBLII<\/a> <a href=\"https:\/\/t.co\/CASwWvUpXC\">pic.twitter.com\/CASwWvUpXC<\/a><\/p>\n<p>&mdash; NFL (@NFL) <a href=\"https:\/\/twitter.com\/NFL\/status\/955268988455469056?ref_src=twsrc%5Etfw\">January 22, 2018<\/a><\/p><\/blockquote>\n<p><script async src=\"https:\/\/platform.twitter.com\/widgets.js\" charset=\"utf-8\"><\/script><\/p>\n","protected":false},"excerpt":{"rendered":"<p>El Super Bowl LII de la NFL ha quedado definido con los equipos para el pr\u00f3ximo 4 de febrero.<\/p>\n","protected":false},"author":129,"featured_media":515303,"comment_status":"closed","ping_status":"closed","sticky":false,"template":"","format":"standard","meta":[],"categories":[5811,5418,6411],"tags":[11631,4395,11630,11629,10375],"_links":{"self":[{"href":"http:\/\/desarrollo.grupomedios.com\/futbol\/wp-json\/wp\/v2\/posts\/515302"}],"collection":[{"href":"http:\/\/desarrollo.grupomedios.com\/futbol\/wp-json\/wp\/v2\/posts"}],"about":[{"href":"http:\/\/desarrollo.grupomedios.com\/futbol\/wp-json\/wp\/v2\/types\/post"}],"author":[{"embeddable":true,"href":"http:\/\/desarrollo.grupomedios.com\/futbol\/wp-json\/wp\/v2\/users\/129"}],"replies":[{"embeddable":true,"href":"http:\/\/desarrollo.grupomedios.com\/futbol\/wp-json\/wp\/v2\/comments?post=515302"}],"version-history":[{"count":2,"href":"http:\/\/desarrollo.grupomedios.com\/futbol\/wp-json\/wp\/v2\/posts\/515302\/revisions"}],"predecessor-version":[{"id":515481,"href":"http:\/\/desarrollo.grupomedios.com\/futbol\/wp-json\/wp\/v2\/posts\/515302\/revisions\/515481"}],"wp:featuredmedia":[{"embeddable":true,"href":"http:\/\/desarrollo.grupomedios.com\/futbol\/wp-json\/wp\/v2\/media\/515303"}],"wp:attachment":[{"href":"http:\/\/desarrollo.grupomedios.com\/futbol\/wp-json\/wp\/v2\/media?parent=515302"}],"wp:term":[{"taxonomy":"category","embeddable":true,"href":"http:\/\/desarrollo.grupomedios.com\/futbol\/wp-json\/wp\/v2\/categories?post=515302"},{"taxonomy":"post_tag","embeddable":true,"href":"http:\/\/desarrollo.grupomedios.com\/futbol\/wp-json\/wp\/v2\/tags?post=515302"}],"curies":[{"name":"wp","href":"https:\/\/api.w.org\/{rel}","templated":true}]}}