{"id":515308,"date":"2018-01-22T10:11:04","date_gmt":"2018-01-22T16:11:04","guid":{"rendered":"https:\/\/www.futboltotal.com.mx\/?p=515308"},"modified":"2018-01-22T10:11:04","modified_gmt":"2018-01-22T16:11:04","slug":"todos-los-memes-fueron-para-cristiano","status":"publish","type":"post","link":"http:\/\/desarrollo.grupomedios.com\/futbol\/futbol-internacional\/todos-los-memes-fueron-para-cristiano\/2018\/01","title":{"rendered":"Todos los memes fueron para Cristiano"},"content":{"rendered":"<p>El jugador portugu\u00e9s <a href=\"https:\/\/www.futboltotal.com.mx\/futbol-internacional\/liga-de-espana\/tremendo-golpe-cristiano-en-partido-ante-deportivo\/2018\/01\" target=\"_blank\" rel=\"noopener\">fue de los que m\u00e1s dio de qu\u00e9 hablar<\/a> esta jornada de fin de semana en <em><strong>La Liga<\/strong><\/em> de Espa\u00f1a, cuando recibi\u00f3 una cortadura cerca del ojo izquierdo y tuvo que retirarse del campo de juego un poco antes del final del partido en el que el <strong>Real Madrid<\/strong> venci\u00f3 por 7-1 al <strong>Deportivo La Coru\u00f1a.<\/strong><\/p>\n<p style=\"text-align: center;\"><a href=\"https:\/\/www.futboltotal.com.mx\/futbol-internacional\/liga-de-espana\/cristiano-le-dice-a-nino-messi-malo\/2018\/01\">VER M\u00c1S: Cristiano le dice a un ni\u00f1o que \u201cMessi es malo\u201d<\/a><\/p>\n<p><mark>Y es que internet explot\u00f3 con cualquier cantidad de chistosos memes<\/mark> luego de que <strong>CR7<\/strong> se viraliz\u00f3 en una imagen donde se lo ve sosteniendo un smartphone en posici\u00f3n de selfie, para ver c\u00f3mo qued\u00f3 su lastimado rostro luego de recibir una patada en su siempre pulcro rostro.<\/p>\n<p>Como siempre, los usuarios y fan\u00e1ticos de los chistes online no defraudaron, <mark>y nos regalaron estas divertidas im\u00e1genes.<\/mark> <em>Pobre Cris.<\/em><\/p>\n<p><img decoding=\"async\" loading=\"lazy\" class=\"wp-image-515311 aligncenter\" src=\"https:\/\/www.futboltotal.com.mx\/wp-content\/uploads\/2018\/01\/cris1.jpg\" alt=\"Todos los memes fueron para Cristiano 0\" srcset=\"http:\/\/desarrollo.grupomedios.com\/futbol\/wp-content\/uploads\/2018\/01\/cris1.jpg 660w, http:\/\/desarrollo.grupomedios.com\/futbol\/wp-content\/uploads\/2018\/01\/cris1-300x294.jpg 300w\" sizes=\"(max-width: 609px) 100vw, 609px\" \/><\/p>\n<p><img decoding=\"async\" loading=\"lazy\" class=\"size-full wp-image-515312 aligncenter\" src=\"https:\/\/www.futboltotal.com.mx\/wp-content\/uploads\/2018\/01\/cris2.jpg\" alt=\"Todos los memes fueron para Cristiano 1\" srcset=\"http:\/\/desarrollo.grupomedios.com\/futbol\/wp-content\/uploads\/2018\/01\/cris2.jpg 660w, http:\/\/desarrollo.grupomedios.com\/futbol\/wp-content\/uploads\/2018\/01\/cris2-300x146.jpg 300w\" sizes=\"(max-width: 660px) 100vw, 660px\" \/><\/p>\n<p><img decoding=\"async\" loading=\"lazy\" class=\"size-full wp-image-515313 aligncenter\" src=\"https:\/\/www.futboltotal.com.mx\/wp-content\/uploads\/2018\/01\/cris3.jpg\" alt=\"Todos los memes fueron para Cristiano 2\" srcset=\"http:\/\/desarrollo.grupomedios.com\/futbol\/wp-content\/uploads\/2018\/01\/cris3.jpg 660w, http:\/\/desarrollo.grupomedios.com\/futbol\/wp-content\/uploads\/2018\/01\/cris3-300x190.jpg 300w\" sizes=\"(max-width: 660px) 100vw, 660px\" \/><\/p>\n<p><img decoding=\"async\" loading=\"lazy\" class=\"size-full wp-image-515314 aligncenter\" src=\"https:\/\/www.futboltotal.com.mx\/wp-content\/uploads\/2018\/01\/cris4.jpg\" alt=\"Todos los memes fueron para Cristiano 3\" srcset=\"http:\/\/desarrollo.grupomedios.com\/futbol\/wp-content\/uploads\/2018\/01\/cris4.jpg 660w, http:\/\/desarrollo.grupomedios.com\/futbol\/wp-content\/uploads\/2018\/01\/cris4-300x147.jpg 300w\" sizes=\"(max-width: 660px) 100vw, 660px\" \/><\/p>\n<p><img decoding=\"async\" loading=\"lazy\" class=\"size-full wp-image-515315 aligncenter\" src=\"https:\/\/www.futboltotal.com.mx\/wp-content\/uploads\/2018\/01\/cris5.jpg\" alt=\"Todos los memes fueron para Cristiano 4\" srcset=\"http:\/\/desarrollo.grupomedios.com\/futbol\/wp-content\/uploads\/2018\/01\/cris5.jpg 660w, http:\/\/desarrollo.grupomedios.com\/futbol\/wp-content\/uploads\/2018\/01\/cris5-300x166.jpg 300w\" sizes=\"(max-width: 660px) 100vw, 660px\" \/><\/p>\n<p><img decoding=\"async\" loading=\"lazy\" class=\"size-full wp-image-515316 aligncenter\" src=\"https:\/\/www.futboltotal.com.mx\/wp-content\/uploads\/2018\/01\/cris6.jpg\" alt=\"Todos los memes fueron para Cristiano 5\" srcset=\"http:\/\/desarrollo.grupomedios.com\/futbol\/wp-content\/uploads\/2018\/01\/cris6.jpg 660w, http:\/\/desarrollo.grupomedios.com\/futbol\/wp-content\/uploads\/2018\/01\/cris6-300x175.jpg 300w\" sizes=\"(max-width: 660px) 100vw, 660px\" \/><\/p>\n<p><img decoding=\"async\" loading=\"lazy\" class=\"size-full wp-image-515317 aligncenter\" src=\"https:\/\/www.futboltotal.com.mx\/wp-content\/uploads\/2018\/01\/cris7.jpg\" alt=\"Todos los memes fueron para Cristiano 6\" srcset=\"http:\/\/desarrollo.grupomedios.com\/futbol\/wp-content\/uploads\/2018\/01\/cris7.jpg 660w, http:\/\/desarrollo.grupomedios.com\/futbol\/wp-content\/uploads\/2018\/01\/cris7-150x150.jpg 150w, http:\/\/desarrollo.grupomedios.com\/futbol\/wp-content\/uploads\/2018\/01\/cris7-300x300.jpg 300w\" sizes=\"(max-width: 660px) 100vw, 660px\" \/><\/p>\n<p><img decoding=\"async\" loading=\"lazy\" class=\"size-full wp-image-515318 aligncenter\" src=\"https:\/\/www.futboltotal.com.mx\/wp-content\/uploads\/2018\/01\/cris8.jpg\" alt=\"Todos los memes fueron para Cristiano 7\" srcset=\"http:\/\/desarrollo.grupomedios.com\/futbol\/wp-content\/uploads\/2018\/01\/cris8.jpg 660w, http:\/\/desarrollo.grupomedios.com\/futbol\/wp-content\/uploads\/2018\/01\/cris8-300x249.jpg 300w\" sizes=\"(max-width: 660px) 100vw, 660px\" \/><\/p>\n<p>&nbsp;<\/p>\n","protected":false},"excerpt":{"rendered":"<p>CR7 us\u00f3 un smartphone como espejo para ver su herida, y los internautas hicieron de las suyas. <\/p>\n","protected":false},"author":165,"featured_media":515240,"comment_status":"closed","ping_status":"closed","sticky":false,"template":"","format":"standard","meta":[],"categories":[3839,3844],"tags":[739,1496,6013,217,2321,5956,11632,4949,5988],"_links":{"self":[{"href":"http:\/\/desarrollo.grupomedios.com\/futbol\/wp-json\/wp\/v2\/posts\/515308"}],"collection":[{"href":"http:\/\/desarrollo.grupomedios.com\/futbol\/wp-json\/wp\/v2\/posts"}],"about":[{"href":"http:\/\/desarrollo.grupomedios.com\/futbol\/wp-json\/wp\/v2\/types\/post"}],"author":[{"embeddable":true,"href":"http:\/\/desarrollo.grupomedios.com\/futbol\/wp-json\/wp\/v2\/users\/165"}],"replies":[{"embeddable":true,"href":"http:\/\/desarrollo.grupomedios.com\/futbol\/wp-json\/wp\/v2\/comments?post=515308"}],"version-history":[{"count":2,"href":"http:\/\/desarrollo.grupomedios.com\/futbol\/wp-json\/wp\/v2\/posts\/515308\/revisions"}],"predecessor-version":[{"id":515319,"href":"http:\/\/desarrollo.grupomedios.com\/futbol\/wp-json\/wp\/v2\/posts\/515308\/revisions\/515319"}],"wp:featuredmedia":[{"embeddable":true,"href":"http:\/\/desarrollo.grupomedios.com\/futbol\/wp-json\/wp\/v2\/media\/515240"}],"wp:attachment":[{"href":"http:\/\/desarrollo.grupomedios.com\/futbol\/wp-json\/wp\/v2\/media?parent=515308"}],"wp:term":[{"taxonomy":"category","embeddable":true,"href":"http:\/\/desarrollo.grupomedios.com\/futbol\/wp-json\/wp\/v2\/categories?post=515308"},{"taxonomy":"post_tag","embeddable":true,"href":"http:\/\/desarrollo.grupomedios.com\/futbol\/wp-json\/wp\/v2\/tags?post=515308"}],"curies":[{"name":"wp","href":"https:\/\/api.w.org\/{rel}","templated":true}]}}