{"id":515310,"date":"2018-01-22T10:11:43","date_gmt":"2018-01-22T16:11:43","guid":{"rendered":"https:\/\/www.futboltotal.com.mx\/?p=515310"},"modified":"2018-01-22T10:11:43","modified_gmt":"2018-01-22T16:11:43","slug":"en-mexico-te-critican-carlos-vela","status":"publish","type":"post","link":"http:\/\/desarrollo.grupomedios.com\/futbol\/destacado-home\/en-mexico-te-critican-carlos-vela\/2018\/01","title":{"rendered":"&#8220;En M\u00e9xico te critican todo&#8221;: Carlos Vela"},"content":{"rendered":"<p>El delantero mexicano, <strong>Carlos Vela<\/strong>, quien lleg\u00f3 como refuerzo para el nuevo equipo de la <strong>MLS,<\/strong> <strong>Los Angeles FC<\/strong>, consider\u00f3 que en <strong>M\u00e9xico<\/strong> se critica todo sin tomar en cuenta lo que realmente quiere el futbolista.<\/p>\n<p>El Bombardero fue criticado por haber dejado Europa y la <strong>Real Sociedad<\/strong> para venir a una liga de menor nivel, pero el seleccionado nacional le rest\u00f3 importancia y asegur\u00f3 que \u00e9l debe ser quien est\u00e9 feliz.<\/p>\n<p style=\"text-align: center;\"><span style=\"color: #3366ff;\"><a href=\"https:\/\/www.futboltotal.com.mx\/futbol-mexicano\/liga-mx\/11-ideal-la-jornada-3-del-clausura-2018\/2018\/01\">VER M\u00c1S: 11 ideal de la Jornada 3 del Clausura 2018<\/a><\/span><\/p>\n<blockquote><p><mark>\u201cEn M\u00e9xico se critica todo, si te quedas all\u00e1, porque no juegas, porque eres malo, porque puedes ir a un equipo mejor, siempre hay cr\u00edticas y si vienes para ac\u00e1 (Estados Unidos) tambi\u00e9n\u201d, dijo.<\/mark><\/p><\/blockquote>\n<p>Destac\u00f3 que \u201cal final, lo importante es que uno decida en d\u00f3nde va a estar feliz y en d\u00f3nde podr\u00e1s hacer bien las cosas, demostrar que adem\u00e1s de futbolistas somos personas\u201d.<\/p>\n<p>En declaraciones durante el d\u00eda de medios de la MLS, el ariete mexicano explic\u00f3 que tom\u00f3 la decisi\u00f3n de emigrar al equipo de Los \u00c1ngeles FC porque \u201ccre\u00eda que lo mejor era un cambio\u201d.<\/p>\n<p>Dej\u00f3 en claro que su objetivo es mantener la mejor forma futbol\u00edstica para disputar la <strong>Copa del Mundo Rusia 2018<\/strong> y ser un aporte importante a la selecci\u00f3n mexicana.<\/p>\n<p>\u201c<mark>Quiero jugar, estar preparado y me gustar\u00eda que todos mis compa\u00f1eros alrededor del mundo puedan jugar con sus equipos para poder llegar lo mejor posible al torneo, que el nivel suba y que podamos tener muchas opciones de hacer algo importante en el Mundial<\/mark>\u201d, estableci\u00f3.<\/p>\n<blockquote class=\"twitter-tweet\" data-width=\"500\">\n<p lang=\"en\" dir=\"ltr\">Behind the scenes at MLS Media Day: <a href=\"https:\/\/twitter.com\/11carlosV?ref_src=twsrc%5Etfw\">@11carlosV<\/a> <a href=\"https:\/\/twitter.com\/hashtag\/LAFC?src=hash&amp;ref_src=twsrc%5Etfw\">#LAFC<\/a> <a href=\"https:\/\/t.co\/N26F6muHlk\">pic.twitter.com\/N26F6muHlk<\/a><\/p>\n<p>&mdash; LAFC (@LAFC) <a href=\"https:\/\/twitter.com\/LAFC\/status\/955188072894746624?ref_src=twsrc%5Etfw\">January 21, 2018<\/a><\/p><\/blockquote>\n<p><script async src=\"https:\/\/platform.twitter.com\/widgets.js\" charset=\"utf-8\"><\/script><\/p>\n","protected":false},"excerpt":{"rendered":"<p>El atacante azteca dijo que \u00e9l es quien debe ser feliz y no los dem\u00e1s.<\/p>\n","protected":false},"author":129,"featured_media":493631,"comment_status":"closed","ping_status":"closed","sticky":false,"template":"","format":"standard","meta":[],"categories":[5,3839,9635],"tags":[6048,6214,8503,195],"_links":{"self":[{"href":"http:\/\/desarrollo.grupomedios.com\/futbol\/wp-json\/wp\/v2\/posts\/515310"}],"collection":[{"href":"http:\/\/desarrollo.grupomedios.com\/futbol\/wp-json\/wp\/v2\/posts"}],"about":[{"href":"http:\/\/desarrollo.grupomedios.com\/futbol\/wp-json\/wp\/v2\/types\/post"}],"author":[{"embeddable":true,"href":"http:\/\/desarrollo.grupomedios.com\/futbol\/wp-json\/wp\/v2\/users\/129"}],"replies":[{"embeddable":true,"href":"http:\/\/desarrollo.grupomedios.com\/futbol\/wp-json\/wp\/v2\/comments?post=515310"}],"version-history":[{"count":1,"href":"http:\/\/desarrollo.grupomedios.com\/futbol\/wp-json\/wp\/v2\/posts\/515310\/revisions"}],"predecessor-version":[{"id":515320,"href":"http:\/\/desarrollo.grupomedios.com\/futbol\/wp-json\/wp\/v2\/posts\/515310\/revisions\/515320"}],"wp:featuredmedia":[{"embeddable":true,"href":"http:\/\/desarrollo.grupomedios.com\/futbol\/wp-json\/wp\/v2\/media\/493631"}],"wp:attachment":[{"href":"http:\/\/desarrollo.grupomedios.com\/futbol\/wp-json\/wp\/v2\/media?parent=515310"}],"wp:term":[{"taxonomy":"category","embeddable":true,"href":"http:\/\/desarrollo.grupomedios.com\/futbol\/wp-json\/wp\/v2\/categories?post=515310"},{"taxonomy":"post_tag","embeddable":true,"href":"http:\/\/desarrollo.grupomedios.com\/futbol\/wp-json\/wp\/v2\/tags?post=515310"}],"curies":[{"name":"wp","href":"https:\/\/api.w.org\/{rel}","templated":true}]}}