{"id":515336,"date":"2018-01-22T13:40:37","date_gmt":"2018-01-22T19:40:37","guid":{"rendered":"https:\/\/www.futboltotal.com.mx\/?p=515336"},"modified":"2018-01-22T13:40:37","modified_gmt":"2018-01-22T19:40:37","slug":"landon-donovan-primer-entrenamiento-leon","status":"publish","type":"post","link":"http:\/\/desarrollo.grupomedios.com\/futbol\/futbol-mexicano\/landon-donovan-primer-entrenamiento-leon\/2018\/01","title":{"rendered":"Landon Donovan tuvo su primer entrenamiento con Le\u00f3n"},"content":{"rendered":"<p>La bomba del<strong> Le\u00f3n<\/strong> ya apareci\u00f3 en su nueva ciudad, pues el estadounidense, <strong>Landon Donovan<\/strong>, se ha presentado por primera vez a entrenar con <em>La Fiera<\/em>.<\/p>\n<p>El <em>Capit\u00e1n Am\u00e9rica<\/em> fue presentado con la escuadra esmeralda el pasado 15 de enero, de ah\u00ed tuvo que partir de nueva cuenta a Estados Unidos para culminar su mudanza a<strong> M\u00e9xico<\/strong>.<\/p>\n<p>Ahora con todo el arreglo de mudanza y sus permisos para trabajar, Donovan se report\u00f3 con el equipo para iniciar con las pr\u00e1cticas correspondientes, as\u00ed lo inform\u00f3 el club a trav\u00e9s de sus redes sociales.<\/p>\n<p style=\"text-align: center;\"><span style=\"color: #3366ff;\"><a href=\"https:\/\/www.futboltotal.com.mx\/futbol-mexicano\/liga-mx\/victor-manuel-vucetich-acepta-contactos-seleccion-conmebol\/2018\/01\">VER M\u00c1S: V\u00edctor Manuel Vucetich acepta contactos con selecci\u00f3n de Conmebol<\/a><\/span><\/p>\n<blockquote class=\"twitter-tweet\" data-width=\"500\">\n<p lang=\"es\" dir=\"ltr\">Iniciamos nuestro entrenamiento en Casa Club. <a href=\"https:\/\/twitter.com\/landondonovan?ref_src=twsrc%5Etfw\">@landondonovan<\/a> report\u00f3 a la pr\u00e1ctica junto al resto de sus compa\u00f1eros. <a href=\"https:\/\/t.co\/mQGs0dNbhN\">pic.twitter.com\/mQGs0dNbhN<\/a><\/p>\n<p>&mdash; Club Le\u00f3n (@clubleonfc) <a href=\"https:\/\/twitter.com\/clubleonfc\/status\/955478508427497472?ref_src=twsrc%5Etfw\">January 22, 2018<\/a><\/p><\/blockquote>\n<p><script async src=\"https:\/\/platform.twitter.com\/widgets.js\" charset=\"utf-8\"><\/script><\/p>\n<p>Cabe se\u00f1alar que el estadounidense estuvo fuera de actividad por m\u00e1s de un a\u00f1o, hecho que preocupa al t\u00e9cnico del Le\u00f3n, <strong>Gustavo D\u00edaz<\/strong> ya que no trae la condici\u00f3n suficiente para poderlo debutar en la pr\u00f3xima fecha, pese a ello, espera que tenga minutos en la Jornada 5 del Torneo de Clausura 2018 cuando visiten a los <strong>Rayados de Monterrey<\/strong> en el <strong>Estadio BBVA Bancomer<\/strong>.<\/p>\n","protected":false},"excerpt":{"rendered":"<p>El estadounidense ya se present\u00f3 a entrenar con su nuevo equipo.<\/p>\n","protected":false},"author":129,"featured_media":515337,"comment_status":"closed","ping_status":"closed","sticky":false,"template":"","format":"standard","meta":[],"categories":[2198,3845],"tags":[3883,9969,2557,5965,64],"_links":{"self":[{"href":"http:\/\/desarrollo.grupomedios.com\/futbol\/wp-json\/wp\/v2\/posts\/515336"}],"collection":[{"href":"http:\/\/desarrollo.grupomedios.com\/futbol\/wp-json\/wp\/v2\/posts"}],"about":[{"href":"http:\/\/desarrollo.grupomedios.com\/futbol\/wp-json\/wp\/v2\/types\/post"}],"author":[{"embeddable":true,"href":"http:\/\/desarrollo.grupomedios.com\/futbol\/wp-json\/wp\/v2\/users\/129"}],"replies":[{"embeddable":true,"href":"http:\/\/desarrollo.grupomedios.com\/futbol\/wp-json\/wp\/v2\/comments?post=515336"}],"version-history":[{"count":1,"href":"http:\/\/desarrollo.grupomedios.com\/futbol\/wp-json\/wp\/v2\/posts\/515336\/revisions"}],"predecessor-version":[{"id":515338,"href":"http:\/\/desarrollo.grupomedios.com\/futbol\/wp-json\/wp\/v2\/posts\/515336\/revisions\/515338"}],"wp:featuredmedia":[{"embeddable":true,"href":"http:\/\/desarrollo.grupomedios.com\/futbol\/wp-json\/wp\/v2\/media\/515337"}],"wp:attachment":[{"href":"http:\/\/desarrollo.grupomedios.com\/futbol\/wp-json\/wp\/v2\/media?parent=515336"}],"wp:term":[{"taxonomy":"category","embeddable":true,"href":"http:\/\/desarrollo.grupomedios.com\/futbol\/wp-json\/wp\/v2\/categories?post=515336"},{"taxonomy":"post_tag","embeddable":true,"href":"http:\/\/desarrollo.grupomedios.com\/futbol\/wp-json\/wp\/v2\/tags?post=515336"}],"curies":[{"name":"wp","href":"https:\/\/api.w.org\/{rel}","templated":true}]}}