{"id":515339,"date":"2018-01-22T13:54:16","date_gmt":"2018-01-22T19:54:16","guid":{"rendered":"https:\/\/www.futboltotal.com.mx\/?p=515339"},"modified":"2018-01-22T13:54:16","modified_gmt":"2018-01-22T19:54:16","slug":"barcelona-cede-rafinha-jugadores-al-inter-milan","status":"publish","type":"post","link":"http:\/\/desarrollo.grupomedios.com\/futbol\/futbol-internacional\/barcelona-cede-rafinha-jugadores-al-inter-milan\/2018\/01","title":{"rendered":"Barcelona cede a uno de sus jugadores al Inter de Milan"},"content":{"rendered":"<p>El <strong>Barcelona<\/strong> y el <strong>Inter de Mil\u00e1n<\/strong> han llegado a un acuerdo para la cesi\u00f3n, hasta final de temporada, del centrocampista <strong>Rafinha Alc\u00e1ntara<\/strong> al club italiano, que tiene una opci\u00f3n de compra sobre el jugador de 35 millones de euros, m\u00e1s otros 3 millones en variables.<\/p>\n<p>https:\/\/twitter.com\/Inter_es\/status\/955509031828885504<\/p>\n<p>Seg\u00fan ha informado la entidad catalana, el Inter asume la totalidad de la ficha del futbolista hispano-brasile\u00f1o, de 24 a\u00f1os, y que el mi\u00e9rcoles pasado reaparec\u00eda con el conjunto azulgrana, 290 d\u00edas despu\u00e9s de sufrir una grave lesi\u00f3n en la rodilla izquierda.<\/p>\n<p>Rafinha, que hoy ha pasado con \u00e9xito el reconocimiento m\u00e9dico en <strong>Mil\u00e1n<\/strong>, deja el Barcelona, el club donde se form\u00f3, tras disputar 79 partidos, marcar 11 goles y conquistar una <strong>Champions League,<\/strong> dos <strong>Ligas espa\u00f1olas, cuatro Copas del Rey, dos Supercopas de Espa\u00f1a y una Supercopa de Europa. EFE.<\/strong><\/p>\n<p>https:\/\/twitter.com\/Inter_es\/status\/955521196367298560<\/p>\n","protected":false},"excerpt":{"rendered":"<p>El Barca ha dado salida a varios jugadores tras reforzarse.<\/p>\n","protected":false},"author":129,"featured_media":515340,"comment_status":"closed","ping_status":"closed","sticky":false,"template":"","format":"standard","meta":[],"categories":[3839,3848],"tags":[227,5032,10602],"_links":{"self":[{"href":"http:\/\/desarrollo.grupomedios.com\/futbol\/wp-json\/wp\/v2\/posts\/515339"}],"collection":[{"href":"http:\/\/desarrollo.grupomedios.com\/futbol\/wp-json\/wp\/v2\/posts"}],"about":[{"href":"http:\/\/desarrollo.grupomedios.com\/futbol\/wp-json\/wp\/v2\/types\/post"}],"author":[{"embeddable":true,"href":"http:\/\/desarrollo.grupomedios.com\/futbol\/wp-json\/wp\/v2\/users\/129"}],"replies":[{"embeddable":true,"href":"http:\/\/desarrollo.grupomedios.com\/futbol\/wp-json\/wp\/v2\/comments?post=515339"}],"version-history":[{"count":1,"href":"http:\/\/desarrollo.grupomedios.com\/futbol\/wp-json\/wp\/v2\/posts\/515339\/revisions"}],"predecessor-version":[{"id":515341,"href":"http:\/\/desarrollo.grupomedios.com\/futbol\/wp-json\/wp\/v2\/posts\/515339\/revisions\/515341"}],"wp:featuredmedia":[{"embeddable":true,"href":"http:\/\/desarrollo.grupomedios.com\/futbol\/wp-json\/wp\/v2\/media\/515340"}],"wp:attachment":[{"href":"http:\/\/desarrollo.grupomedios.com\/futbol\/wp-json\/wp\/v2\/media?parent=515339"}],"wp:term":[{"taxonomy":"category","embeddable":true,"href":"http:\/\/desarrollo.grupomedios.com\/futbol\/wp-json\/wp\/v2\/categories?post=515339"},{"taxonomy":"post_tag","embeddable":true,"href":"http:\/\/desarrollo.grupomedios.com\/futbol\/wp-json\/wp\/v2\/tags?post=515339"}],"curies":[{"name":"wp","href":"https:\/\/api.w.org\/{rel}","templated":true}]}}