{"id":515372,"date":"2018-01-22T18:01:48","date_gmt":"2018-01-23T00:01:48","guid":{"rendered":"https:\/\/www.futboltotal.com.mx\/?p=515372"},"modified":"2018-01-22T18:01:48","modified_gmt":"2018-01-23T00:01:48","slug":"veracruz-se-refuerza-delantero-colombiano","status":"publish","type":"post","link":"http:\/\/desarrollo.grupomedios.com\/futbol\/futbol-mexicano\/veracruz-se-refuerza-delantero-colombiano\/2018\/01","title":{"rendered":"Veracruz se refuerza con delantero colombiano"},"content":{"rendered":"<p>Los <strong>Tiburones Rojos de Veracruz<\/strong> anunciaron a su \u00faltimo refuerzo para el actual <strong>Clausura 2018,<\/strong> en el que est\u00e1n buscando mantener la categor\u00eda y<strong> Miguel \u00c1ngel Murillo<\/strong>, delantero colombiano buscar\u00e1 ayudar a los escualos para mantenerse en la<strong><a href=\"https:\/\/www.futboltotal.com.mx\/futbol-mexicano\/liga-mx\/11-infame-la-jornada-3-del-clausura-2018\/2018\/01\" target=\"_blank\" rel=\"noopener\"> Liga MX<\/a>.<\/strong><\/p>\n<blockquote class=\"twitter-tweet\" data-lang=\"es\">\n<p dir=\"ltr\" lang=\"es\">\u00a1Bienvenido <a href=\"https:\/\/twitter.com\/MiguelMuri27?ref_src=twsrc%5Etfw\">@MiguelMuri27<\/a>!<br \/>\nEl puerto ser\u00e1 tu nueva casa, ya eres <a href=\"https:\/\/twitter.com\/hashtag\/SiempreTibur%C3%B3n?src=hash&amp;ref_src=twsrc%5Etfw\">#SiempreTibur\u00f3n<\/a> <a href=\"https:\/\/twitter.com\/hashtag\/MeRifoPorTi?src=hash&amp;ref_src=twsrc%5Etfw\">#MeRifoPorTi<\/a> <a href=\"https:\/\/t.co\/E6Yopo8r6k\">pic.twitter.com\/E6Yopo8r6k<\/a><\/p>\n<p>\u2014 Tiburones Rojos  (@ClubTiburones) <a href=\"https:\/\/twitter.com\/ClubTiburones\/status\/955544938418245633?ref_src=twsrc%5Etfw\">22 de enero de 2018<\/a><\/p><\/blockquote>\n<p><script async src=\"https:\/\/platform.twitter.com\/widgets.js\" charset=\"utf-8\"><\/script><\/p>\n<p style=\"text-align: center;\"><a href=\"https:\/\/www.futboltotal.com.mx\/futbol-mexicano\/liga-mx\/pumas-rayados-tigres-en-disputa-jugador-argentino\/2018\/01\" target=\"_blank\" rel=\"noopener\">VER M\u00c1S: Pumas, Rayados y Tigres se disputan a Mart\u00edn Ben\u00edtez<\/a><\/p>\n<p>El atacante de<strong> 24 a\u00f1os<\/strong> y<strong> 1.84 metros<\/strong> de estatura llega procedente de del <strong>Deportivo Cali<\/strong> de su pa\u00eds y estar\u00e1 en pr\u00e9stamo por 6 meses con opci\u00f3n a compra. El colombiano tambi\u00e9n tiene experiencia en el futbol de Uruguay\u00a0con uno el Pe\u00f1arol.<\/p>\n<p>&#8220;Destacado por su potencia f\u00edsica y velocidad para definir ante el marco rival&#8221;, fue descrito por parte de los jarochos, quienes adelantaron que el futbolista llegar\u00e1 este 23 de enero para completar las pruebas m\u00e9dicas correspondientes y poder ponerse a disposici\u00f3n de Guillermo V\u00e1zquez. Con el\u00a0conjunto de\u00a0Cali<strong>\u00a0<\/strong>marc\u00f3\u00a0<strong>15 goles<\/strong>\u00a0durante el \u00faltimo a\u00f1o.<\/p>\n<blockquote class=\"twitter-video\" data-lang=\"es\">\n<p dir=\"ltr\" lang=\"es\">\u00a1<a href=\"https:\/\/twitter.com\/MiguelMuri27?ref_src=twsrc%5Etfw\">@MiguelMuri27<\/a> ya es Tibur\u00f3n!<\/p>\n<p>El delantero colombiano defender\u00e1 nuestros colores en este torneo.<\/p>\n<p> <a href=\"https:\/\/t.co\/1Nz652g1R3\">pic.twitter.com\/1Nz652g1R3<\/a><\/p>\n<p>\u2014 Tibuvisi\u00f3n  (@tibuvision) <a href=\"https:\/\/twitter.com\/tibuvision\/status\/955546375122571264?ref_src=twsrc%5Etfw\">22 de enero de 2018<\/a><\/p><\/blockquote>\n<p><script async src=\"https:\/\/platform.twitter.com\/widgets.js\" charset=\"utf-8\"><\/script><\/p>\n<p style=\"text-align: center;\"><a href=\"https:\/\/www.futboltotal.com.mx\/futbol-mexicano\/liga-mx\/ricardo-la-volpe-ocuparia-banquillo-del-atlas\/2018\/01\" target=\"_blank\" rel=\"noopener\">VER M\u00c1S: Ricardo La Volpe suena para llegar al Atlas<\/a><\/p>\n","protected":false},"excerpt":{"rendered":"<p>El futbolista llega procedente del Deportivo Cali donde anot\u00f3 15 goles en el \u00faltimo a\u00f1o<\/p>\n","protected":false},"author":159,"featured_media":515373,"comment_status":"closed","ping_status":"closed","sticky":false,"template":"","format":"standard","meta":[],"categories":[2198,3845],"tags":[9028,64,11641,6049],"_links":{"self":[{"href":"http:\/\/desarrollo.grupomedios.com\/futbol\/wp-json\/wp\/v2\/posts\/515372"}],"collection":[{"href":"http:\/\/desarrollo.grupomedios.com\/futbol\/wp-json\/wp\/v2\/posts"}],"about":[{"href":"http:\/\/desarrollo.grupomedios.com\/futbol\/wp-json\/wp\/v2\/types\/post"}],"author":[{"embeddable":true,"href":"http:\/\/desarrollo.grupomedios.com\/futbol\/wp-json\/wp\/v2\/users\/159"}],"replies":[{"embeddable":true,"href":"http:\/\/desarrollo.grupomedios.com\/futbol\/wp-json\/wp\/v2\/comments?post=515372"}],"version-history":[{"count":1,"href":"http:\/\/desarrollo.grupomedios.com\/futbol\/wp-json\/wp\/v2\/posts\/515372\/revisions"}],"predecessor-version":[{"id":515374,"href":"http:\/\/desarrollo.grupomedios.com\/futbol\/wp-json\/wp\/v2\/posts\/515372\/revisions\/515374"}],"wp:featuredmedia":[{"embeddable":true,"href":"http:\/\/desarrollo.grupomedios.com\/futbol\/wp-json\/wp\/v2\/media\/515373"}],"wp:attachment":[{"href":"http:\/\/desarrollo.grupomedios.com\/futbol\/wp-json\/wp\/v2\/media?parent=515372"}],"wp:term":[{"taxonomy":"category","embeddable":true,"href":"http:\/\/desarrollo.grupomedios.com\/futbol\/wp-json\/wp\/v2\/categories?post=515372"},{"taxonomy":"post_tag","embeddable":true,"href":"http:\/\/desarrollo.grupomedios.com\/futbol\/wp-json\/wp\/v2\/tags?post=515372"}],"curies":[{"name":"wp","href":"https:\/\/api.w.org\/{rel}","templated":true}]}}