{"id":515376,"date":"2018-01-22T18:54:11","date_gmt":"2018-01-23T00:54:11","guid":{"rendered":"https:\/\/www.futboltotal.com.mx\/?p=515376"},"modified":"2018-01-22T18:55:37","modified_gmt":"2018-01-23T00:55:37","slug":"la-exigencia-le-ha-hecho-chicharito-a-representante","status":"publish","type":"post","link":"http:\/\/desarrollo.grupomedios.com\/futbol\/destacado-home\/la-exigencia-le-ha-hecho-chicharito-a-representante\/2018\/01","title":{"rendered":"La exigencia que le ha hecho Chicharito a su representante"},"content":{"rendered":"<p>El delantero mexicano, <strong>Javier &#8216;Chicharito&#8217; Hern\u00e1ndez<\/strong> no desea estar en la banca del <strong>West Ham United<\/strong> ni de ning\u00fan otro equipo, sobre todo en un semestre que tiene en puertas la <strong>Copa del Mundo de Rusia 2018,<\/strong> por esta raz\u00f3n le hizo una petici\u00f3n especial a su representante para que juntos decidan su futuro en los pr\u00f3ximos d\u00edas.<\/p>\n<p>&#8220;Nuestro primer\u00a0foco de atenci\u00f3n es un equipo<b>\u00a0<\/b>donde\u00a0pueda jugar\u00a0la mayor cantidad de partidos posibles, eso es lo que m\u00e1s nos interesa. <mark>Javier me lo ha pedido personalmente, me comenta que busquemos un club donde realmente le haga falta un jugador con sus caracter\u00edsticas<\/mark>, porque lo que \u00e9l quiere es jugar&#8221;,<b>\u00a0<\/b>mencion\u00f3 Eduardo Hern\u00e1ndez, representante del futbolista en una entrevista para Fox Sports.<\/p>\n<p style=\"text-align: center;\"><a href=\"https:\/\/www.futboltotal.com.mx\/futbol-mexicano\/liga-mx\/pumas-rayados-tigres-en-disputa-jugador-argentino\/2018\/01\" target=\"_blank\" rel=\"noopener\">VER M\u00c1S: Pumas, Rayados y Tigres, en disputa por jugador argentino<\/a><\/p>\n<p>Por otro lado, asegur\u00f3 que no existe ninguna oferta formal por el futbolista, sin embargo acept\u00f3 que hubo un acercamiento del\u00a0<b>Besiktas de Turqu\u00eda,\u00a0<\/b>aunque no es el \u00fanico club que desea al mexicano.<\/p>\n<p><mark>\u201cS\u00ed hay un acercamiento<\/mark>, igual que otros clubes pero saben perfectamente bien que primero necesitamos la liberaci\u00f3n por parte del West Ham y eso es algo que\u00a0estamos trabajando,<mark> pero no es el \u00fanico club que est\u00e1 queriendo los servicios<\/mark>\u201d.<\/p>\n<p style=\"text-align: center;\"><a href=\"https:\/\/www.futboltotal.com.mx\/futbol-mexicano\/liga-mx\/ricardo-la-volpe-ocuparia-banquillo-del-atlas\/2018\/01\" target=\"_blank\" rel=\"noopener\">VER M\u00c1S: Ricardo La Volpe, cerca del Atlas<\/a><\/p>\n","protected":false},"excerpt":{"rendered":"<p>El delantero mexicano ha vivido momentos complicados en la banca de West Ham United<\/p>\n","protected":false},"author":159,"featured_media":514976,"comment_status":"closed","ping_status":"closed","sticky":false,"template":"","format":"standard","meta":[],"categories":[5,3839,3846],"tags":[5773,120,549,3901],"_links":{"self":[{"href":"http:\/\/desarrollo.grupomedios.com\/futbol\/wp-json\/wp\/v2\/posts\/515376"}],"collection":[{"href":"http:\/\/desarrollo.grupomedios.com\/futbol\/wp-json\/wp\/v2\/posts"}],"about":[{"href":"http:\/\/desarrollo.grupomedios.com\/futbol\/wp-json\/wp\/v2\/types\/post"}],"author":[{"embeddable":true,"href":"http:\/\/desarrollo.grupomedios.com\/futbol\/wp-json\/wp\/v2\/users\/159"}],"replies":[{"embeddable":true,"href":"http:\/\/desarrollo.grupomedios.com\/futbol\/wp-json\/wp\/v2\/comments?post=515376"}],"version-history":[{"count":3,"href":"http:\/\/desarrollo.grupomedios.com\/futbol\/wp-json\/wp\/v2\/posts\/515376\/revisions"}],"predecessor-version":[{"id":515380,"href":"http:\/\/desarrollo.grupomedios.com\/futbol\/wp-json\/wp\/v2\/posts\/515376\/revisions\/515380"}],"wp:featuredmedia":[{"embeddable":true,"href":"http:\/\/desarrollo.grupomedios.com\/futbol\/wp-json\/wp\/v2\/media\/514976"}],"wp:attachment":[{"href":"http:\/\/desarrollo.grupomedios.com\/futbol\/wp-json\/wp\/v2\/media?parent=515376"}],"wp:term":[{"taxonomy":"category","embeddable":true,"href":"http:\/\/desarrollo.grupomedios.com\/futbol\/wp-json\/wp\/v2\/categories?post=515376"},{"taxonomy":"post_tag","embeddable":true,"href":"http:\/\/desarrollo.grupomedios.com\/futbol\/wp-json\/wp\/v2\/tags?post=515376"}],"curies":[{"name":"wp","href":"https:\/\/api.w.org\/{rel}","templated":true}]}}