{"id":515397,"date":"2018-01-23T09:33:54","date_gmt":"2018-01-23T15:33:54","guid":{"rendered":"https:\/\/www.futboltotal.com.mx\/?p=515397"},"modified":"2018-01-23T09:33:54","modified_gmt":"2018-01-23T15:33:54","slug":"zinedine-zidane-vuelve-a-proteger-a-benzema","status":"publish","type":"post","link":"http:\/\/desarrollo.grupomedios.com\/futbol\/futbol-internacional\/zinedine-zidane-vuelve-a-proteger-a-benzema\/2018\/01","title":{"rendered":"Zinedine Zidane vuelve a proteger a Benzema"},"content":{"rendered":"<p><strong>Zinedine Zidane,<\/strong> t\u00e9cnico del <strong>Real Madrid<\/strong>, asegur\u00f3 que<strong> Isco Alarc\u00f3n<\/strong> &#8220;siempre va a tener un papel importante&#8221;, pese a haber perdido nuevamente la posici\u00f3n de titular indiscutible con la vuelta de <strong>Gareth Bale<\/strong>, y protegi\u00f3 a <strong>Karim Benzema<\/strong>, pidiendo apoyo de la afici\u00f3n a todo el equipo durante los partidos.<\/p>\n<p>&#8220;Isco siempre va a tener un papel importante en el Real Madrid est\u00e9 yo o no. Ha demostrado lo que es como jugador y yo siempre he demostrado mi confianza en un jugador determinante. Esto no va a cambiar&#8221;, manifest\u00f3 Zidane.<\/p>\n<p>&#8220;Hay partidos que no juega, como ante el <strong>Barcelona<\/strong> que no tuvo ning\u00fan minuto pero no era la idea. La expulsi\u00f3n cambi\u00f3 los planes. <strong>Isco<\/strong> puede jugar en 4-3-3 en muchas posiciones, arriba como ya ha hecho y entre los dos m\u00e1s ofensivos. Eso no es un problema. Es listo para pensar que el papel que va a tener siempre va a ser importante y se lo he demostrado&#8221;, a\u00f1adi\u00f3 quitando importancia al cambio de sistema en beneficio de <strong>Bale<\/strong>.<\/p>\n<p style=\"text-align: center;\"><span style=\"color: #3366ff;\"><a href=\"https:\/\/www.futboltotal.com.mx\/liga-de-portugal\/8-dias-miguel-layun-ira-al-betis-alaves\/2018\/01\">VER M\u00c1S: 8 d\u00edas para Miguel Lay\u00fan \u00bfIr\u00e1 al Betis o Alav\u00e9s?<\/a><\/span><\/p>\n<p>https:\/\/twitter.com\/realmadrid\/status\/955802307295432704<\/p>\n<p>El t\u00e9cnico madridista tambi\u00e9n sali\u00f3 en defensa de Benzema, silbado tras su lesi\u00f3n en su regreso al <strong>Santiago Bernab\u00e9u<\/strong>, y pidi\u00f3 al madridismo el apoyo a todos sus jugadores mientras duren los partidos.<\/p>\n<p>&#8220;Es un jugador que hac\u00eda un mes que no jugaba, ten\u00eda ganas de jugar y de estar con el grupo, la \u00fanica cosa con la que disfruta es jugando estando en el terreno de juego. No es un momento agradable cuando entra al campo y le pitan&#8221;, confes\u00f3.<\/p>\n<p>&#8220;Cuando hablo de proteger a mis jugadores, no solo hablo de Karim. Le ha pasado a \u00e9l esta semana pero pudo pasar con otros. Lo que necesitamos de nuestra afici\u00f3n es que est\u00e9 con nosotros. Tienen derecho de expresarse como quieran porque han pagado la entrada pero queremos que durante los 90 minutos est\u00e9n como nosotros, como suele pasar. Benzema estar\u00e1 ma\u00f1ana&#8221;, sentenci\u00f3 confirmando la presencia del delantero franc\u00e9s ante el Legan\u00e9s. EFE<\/p>\n","protected":false},"excerpt":{"rendered":"<p>El t\u00e9cnico Merengue pidi\u00f3 m\u00e1s apoyo para la afici\u00f3n.<\/p>\n","protected":false},"author":129,"featured_media":513778,"comment_status":"closed","ping_status":"closed","sticky":false,"template":"","format":"standard","meta":[],"categories":[3839,3844],"tags":[6214,6114,1913,5988],"_links":{"self":[{"href":"http:\/\/desarrollo.grupomedios.com\/futbol\/wp-json\/wp\/v2\/posts\/515397"}],"collection":[{"href":"http:\/\/desarrollo.grupomedios.com\/futbol\/wp-json\/wp\/v2\/posts"}],"about":[{"href":"http:\/\/desarrollo.grupomedios.com\/futbol\/wp-json\/wp\/v2\/types\/post"}],"author":[{"embeddable":true,"href":"http:\/\/desarrollo.grupomedios.com\/futbol\/wp-json\/wp\/v2\/users\/129"}],"replies":[{"embeddable":true,"href":"http:\/\/desarrollo.grupomedios.com\/futbol\/wp-json\/wp\/v2\/comments?post=515397"}],"version-history":[{"count":1,"href":"http:\/\/desarrollo.grupomedios.com\/futbol\/wp-json\/wp\/v2\/posts\/515397\/revisions"}],"predecessor-version":[{"id":515398,"href":"http:\/\/desarrollo.grupomedios.com\/futbol\/wp-json\/wp\/v2\/posts\/515397\/revisions\/515398"}],"wp:featuredmedia":[{"embeddable":true,"href":"http:\/\/desarrollo.grupomedios.com\/futbol\/wp-json\/wp\/v2\/media\/513778"}],"wp:attachment":[{"href":"http:\/\/desarrollo.grupomedios.com\/futbol\/wp-json\/wp\/v2\/media?parent=515397"}],"wp:term":[{"taxonomy":"category","embeddable":true,"href":"http:\/\/desarrollo.grupomedios.com\/futbol\/wp-json\/wp\/v2\/categories?post=515397"},{"taxonomy":"post_tag","embeddable":true,"href":"http:\/\/desarrollo.grupomedios.com\/futbol\/wp-json\/wp\/v2\/tags?post=515397"}],"curies":[{"name":"wp","href":"https:\/\/api.w.org\/{rel}","templated":true}]}}