{"id":515399,"date":"2018-01-23T09:47:12","date_gmt":"2018-01-23T15:47:12","guid":{"rendered":"https:\/\/www.futboltotal.com.mx\/?p=515399"},"modified":"2018-01-23T09:47:12","modified_gmt":"2018-01-23T15:47:12","slug":"asi-se-ve-cristiano-tras-fuerte-golpe-recibio","status":"publish","type":"post","link":"http:\/\/desarrollo.grupomedios.com\/futbol\/futbol-internacional\/asi-se-ve-cristiano-tras-fuerte-golpe-recibio\/2018\/01","title":{"rendered":"As\u00ed se ve Cristiano tras el fuerte golpe que recibi\u00f3"},"content":{"rendered":"<p>El portugu\u00e9s <strong>Cristiano Ronaldo<\/strong> complet\u00f3 en la ciudad deportiva del <strong>Real Madrid<\/strong> el \u00faltimo entrenamiento antes del duelo de <strong>Copa del Rey<\/strong> ante el <strong>Legan\u00e9s<\/strong>, para el que le reservar\u00e1 <strong>Zinedine Zidane<\/strong>, pese a tener su ojo izquierdo hinchado y morado, con los puntos que recibi\u00f3 tapados tras el golpe sufrido el domingo.<\/p>\n<p>El fort\u00edsimo golpe que recibi\u00f3 en el remate de su segundo tanto al <strong>Deportivo de la Coru\u00f1a<\/strong> el domingo, que le produjo una aparatosa brecha junto al ojo izquierdo, no impidi\u00f3 a Cristiano entrenarse junto al resto de sus compa\u00f1eros, aunque vaya a descansar para el duelo liguero del pr\u00f3ximo s\u00e1bado en <strong>Mestalla<\/strong>, ante el <strong>Valencia<\/strong>.<\/p>\n<blockquote class=\"twitter-tweet\" data-data-dnt=\"true\">\n<p lang=\"es\" dir=\"ltr\">\ud83d\udcf8 As\u00ed se le ha quedado la cara a Cristiano Ronaldo tras el duro golpe que sufri\u00f3 el pasado fin de semana frente al Deportivo de La Coru\u00f1a <a href=\"https:\/\/t.co\/qBgaJz79sH\">pic.twitter.com\/qBgaJz79sH<\/a><\/p>\n<p>&mdash; EFE Deportes (@EFEdeportes) <a href=\"https:\/\/twitter.com\/EFEdeportes\/status\/955818343642038273?ref_src=twsrc%5Etfw\">January 23, 2018<\/a><\/p><\/blockquote>\n<p><script async src=\"https:\/\/platform.twitter.com\/widgets.js\" charset=\"utf-8\"><\/script><\/p>\n<p>Incluso se pudo ver al astro portugu\u00e9s de buen humor en los habituales rondos iniciales ante la presencia de los medios de comunicaci\u00f3n y Zidane destac\u00f3 su actitud en un d\u00eda en el que pudo recibir descanso para recuperarse de la herida. &#8220;Si est\u00e1 entrenando con nosotros con el ojo as\u00ed demuestra que para \u00e9l lo m\u00e1s importante es estar en el campo&#8221;.<\/p>\n<p>El t\u00e9cnico madridista termin\u00f3 de preparar el partido de cuartos de final de Copa del Rey con toda su plantilla salvo los lesionados <strong>Jes\u00fas Vallejo<\/strong> y <strong>Dani Ceballos.<\/strong> El capit\u00e1n <strong>Sergio Ramos<\/strong> volvi\u00f3 a trabajar con normalidad junto a sus compa\u00f1eros y Zidane confirm\u00f3 su regreso a la convocatoria ante el <strong>Legan\u00e9s<\/strong>. Los canteranos <strong>\u00c1lvaro Tejero<\/strong> y el portero juvenil Dario reforzaron la sesi\u00f3n de trabajo del primer equipo. EFE<\/p>\n<blockquote class=\"twitter-tweet\" data-data-dnt=\"true\">\n<p lang=\"es\" dir=\"ltr\">\ud83d\udc40\ud83d\udcfa <a href=\"https:\/\/twitter.com\/hashtag\/RMLiga?src=hash&amp;ref_src=twsrc%5Etfw\">#RMLiga<\/a> <br \/>\u00a1Mira lo que no se vio de la herida de <a href=\"https:\/\/twitter.com\/Cristiano?ref_src=twsrc%5Etfw\">@Cristiano<\/a> ante el <a href=\"https:\/\/twitter.com\/RCDeportivo?ref_src=twsrc%5Etfw\">@RCDeportivo<\/a>! <a href=\"https:\/\/t.co\/swbNVo2UJE\">pic.twitter.com\/swbNVo2UJE<\/a><\/p>\n<p>&mdash; Real Madrid C.F. (@realmadrid) <a href=\"https:\/\/twitter.com\/realmadrid\/status\/955489649681686529?ref_src=twsrc%5Etfw\">January 22, 2018<\/a><\/p><\/blockquote>\n<p><script async src=\"https:\/\/platform.twitter.com\/widgets.js\" charset=\"utf-8\"><\/script><\/p>\n","protected":false},"excerpt":{"rendered":"<p>El portugu\u00e9s se entren\u00f3 a la par de sus compa\u00f1eros.<\/p>\n","protected":false},"author":129,"featured_media":515401,"comment_status":"closed","ping_status":"closed","sticky":false,"template":"","format":"standard","meta":[],"categories":[3839,3844],"tags":[6013,6214,6114,5988,2215],"_links":{"self":[{"href":"http:\/\/desarrollo.grupomedios.com\/futbol\/wp-json\/wp\/v2\/posts\/515399"}],"collection":[{"href":"http:\/\/desarrollo.grupomedios.com\/futbol\/wp-json\/wp\/v2\/posts"}],"about":[{"href":"http:\/\/desarrollo.grupomedios.com\/futbol\/wp-json\/wp\/v2\/types\/post"}],"author":[{"embeddable":true,"href":"http:\/\/desarrollo.grupomedios.com\/futbol\/wp-json\/wp\/v2\/users\/129"}],"replies":[{"embeddable":true,"href":"http:\/\/desarrollo.grupomedios.com\/futbol\/wp-json\/wp\/v2\/comments?post=515399"}],"version-history":[{"count":1,"href":"http:\/\/desarrollo.grupomedios.com\/futbol\/wp-json\/wp\/v2\/posts\/515399\/revisions"}],"predecessor-version":[{"id":515402,"href":"http:\/\/desarrollo.grupomedios.com\/futbol\/wp-json\/wp\/v2\/posts\/515399\/revisions\/515402"}],"wp:featuredmedia":[{"embeddable":true,"href":"http:\/\/desarrollo.grupomedios.com\/futbol\/wp-json\/wp\/v2\/media\/515401"}],"wp:attachment":[{"href":"http:\/\/desarrollo.grupomedios.com\/futbol\/wp-json\/wp\/v2\/media?parent=515399"}],"wp:term":[{"taxonomy":"category","embeddable":true,"href":"http:\/\/desarrollo.grupomedios.com\/futbol\/wp-json\/wp\/v2\/categories?post=515399"},{"taxonomy":"post_tag","embeddable":true,"href":"http:\/\/desarrollo.grupomedios.com\/futbol\/wp-json\/wp\/v2\/tags?post=515399"}],"curies":[{"name":"wp","href":"https:\/\/api.w.org\/{rel}","templated":true}]}}