{"id":515412,"date":"2018-01-23T10:55:44","date_gmt":"2018-01-23T16:55:44","guid":{"rendered":"https:\/\/www.futboltotal.com.mx\/?p=515412"},"modified":"2018-01-23T12:02:58","modified_gmt":"2018-01-23T18:02:58","slug":"arsene-wenger-confirma-negociaciones-del-arsenal-aubameyang","status":"publish","type":"post","link":"http:\/\/desarrollo.grupomedios.com\/futbol\/futbol-internacional\/arsene-wenger-confirma-negociaciones-del-arsenal-aubameyang\/2018\/01","title":{"rendered":"Arsene Wenger confirma negociaciones del Arsenal por Aubameyang"},"content":{"rendered":"<p><strong>Arsene Wenger<\/strong>, entrenador del <strong>Arsenal<\/strong>, ha confirmado este martes que el club ingl\u00e9s ha presentado una oferta al <strong>Borussia Dortmund<\/strong> por el delantero gabon\u00e9s <strong>Pierre-Emerick Aubameyang<\/strong>, aunque ha asegurado que todav\u00eda no est\u00e1n cerca de llegar a un acuerdo.<\/p>\n<p>Aubameyang, de 28 a\u00f1os, ha sido vinculado en las \u00faltimas semanas con un traspaso al Arsenal e, incluso, el t\u00e9cnico del Dortmund, <strong>Peter St\u00f6ger<\/strong>, le dej\u00f3 fuera de la convocatoria para el partido del pasado viernes contra el <strong>Hertha de Berl\u00edn<\/strong> (1-1).<\/p>\n<p style=\"text-align: center;\"><span style=\"color: #3366ff;\"><a href=\"https:\/\/www.futboltotal.com.mx\/futbol-internacional\/liga-de-espana\/fc-barcelona-le-dice-adios-a-javier-mascherano\/2018\/01\">VER M\u00c1S: FC Barcelona le dice adi\u00f3s a Javier Mascherano<\/a><\/span><\/p>\n<p>&#8220;En estos casos nunca sabes si est\u00e1s cerca o no (de llegar a un acuerdo). Es uno de los posibles refuerzos, pero tengo otros en la cabeza. Tenemos varias opciones y todav\u00eda no hemos tomado una decisi\u00f3n&#8221;, explic\u00f3 Wenger en la rueda de prensa previa al encuentro de vuelta de semifinales de la <strong>Copa de la Liga<\/strong> ante el <strong>Chelsea<\/strong>.<\/p>\n<p>&#8220;En este momento no hay ning\u00fan acuerdo pr\u00f3ximo, ya sea por Aubameyang o por cualquier otro jugador&#8221;, manifest\u00f3 el veterano t\u00e9cnico galo.<\/p>\n<blockquote class=\"twitter-tweet\" data-width=\"500\">\n<p lang=\"es\" dir=\"ltr\">\u00bfCu\u00e1l ha sido la reacci\u00f3n inicial de Wenger a la llegada de <a href=\"https:\/\/twitter.com\/HenrikhMkh?ref_src=twsrc%5Etfw\">@HenrikhMkh<\/a>?<a href=\"https:\/\/twitter.com\/hashtag\/AFCvCFC?src=hash&amp;ref_src=twsrc%5Etfw\">#AFCvCFC<\/a>  <a href=\"https:\/\/t.co\/1tiy0N3lcj\">pic.twitter.com\/1tiy0N3lcj<\/a><\/p>\n<p>&mdash; Arsenal FC Espa\u00f1ol (@OfficialAFC_ES) <a href=\"https:\/\/twitter.com\/OfficialAFC_ES\/status\/955772804493987840?ref_src=twsrc%5Etfw\">January 23, 2018<\/a><\/p><\/blockquote>\n<p><script async src=\"https:\/\/platform.twitter.com\/widgets.js\" charset=\"utf-8\"><\/script><\/p>\n<p>El Arsenal cerr\u00f3 el lunes por la tarde su segunda incorporaci\u00f3n del mercado invernal: el media punta armenio <strong>Henrikh Mkhitaryan<\/strong>, que lleg\u00f3 al Emirates Stadium procedente del Manchester United en un trueque por el chileno <strong>Alexis S\u00e1nchez<\/strong>.<\/p>\n<p>A comienzos de enero, el club londinense cerr\u00f3 el fichaje del joven central griego <strong>Konstantinos Mavropanos<\/strong>, procedente del <strong>PAS Giannina<\/strong>.<\/p>\n<p>Wenger ha defendido hoy la decisi\u00f3n de dejar marchar a Alexis S\u00e1nchez y ha afirmado que, aunque perdieron &#8220;a un futbolista de clase mundial&#8221;, tambi\u00e9n ganaron a otro &#8220;de clase mundial&#8221;.<\/p>\n","protected":false},"excerpt":{"rendered":"<p>El t\u00e9cnico franc\u00e9s confes\u00f3 que ya contactaron al Borussia Dortmund.<\/p>\n","protected":false},"author":129,"featured_media":484855,"comment_status":"closed","ping_status":"closed","sticky":false,"template":"","format":"standard","meta":[],"categories":[3839,3846],"tags":[6044,6047,5078,334],"_links":{"self":[{"href":"http:\/\/desarrollo.grupomedios.com\/futbol\/wp-json\/wp\/v2\/posts\/515412"}],"collection":[{"href":"http:\/\/desarrollo.grupomedios.com\/futbol\/wp-json\/wp\/v2\/posts"}],"about":[{"href":"http:\/\/desarrollo.grupomedios.com\/futbol\/wp-json\/wp\/v2\/types\/post"}],"author":[{"embeddable":true,"href":"http:\/\/desarrollo.grupomedios.com\/futbol\/wp-json\/wp\/v2\/users\/129"}],"replies":[{"embeddable":true,"href":"http:\/\/desarrollo.grupomedios.com\/futbol\/wp-json\/wp\/v2\/comments?post=515412"}],"version-history":[{"count":1,"href":"http:\/\/desarrollo.grupomedios.com\/futbol\/wp-json\/wp\/v2\/posts\/515412\/revisions"}],"predecessor-version":[{"id":515415,"href":"http:\/\/desarrollo.grupomedios.com\/futbol\/wp-json\/wp\/v2\/posts\/515412\/revisions\/515415"}],"wp:featuredmedia":[{"embeddable":true,"href":"http:\/\/desarrollo.grupomedios.com\/futbol\/wp-json\/wp\/v2\/media\/484855"}],"wp:attachment":[{"href":"http:\/\/desarrollo.grupomedios.com\/futbol\/wp-json\/wp\/v2\/media?parent=515412"}],"wp:term":[{"taxonomy":"category","embeddable":true,"href":"http:\/\/desarrollo.grupomedios.com\/futbol\/wp-json\/wp\/v2\/categories?post=515412"},{"taxonomy":"post_tag","embeddable":true,"href":"http:\/\/desarrollo.grupomedios.com\/futbol\/wp-json\/wp\/v2\/tags?post=515412"}],"curies":[{"name":"wp","href":"https:\/\/api.w.org\/{rel}","templated":true}]}}