{"id":515416,"date":"2018-01-23T11:21:45","date_gmt":"2018-01-23T17:21:45","guid":{"rendered":"https:\/\/www.futboltotal.com.mx\/?p=515416"},"modified":"2018-01-23T16:52:00","modified_gmt":"2018-01-23T22:52:00","slug":"en-vivo-sevilla-vs-atletico-de-madrid-copa-del-rey-minuto-a-minuto","status":"publish","type":"post","link":"http:\/\/desarrollo.grupomedios.com\/futbol\/futbol-internacional\/en-vivo-sevilla-vs-atletico-de-madrid-copa-del-rey-minuto-a-minuto\/2018\/01","title":{"rendered":"Sevilla vs Atl\u00e9tico de Madrid | Copa del Rey | EN VIVO: Minuto a minuto"},"content":{"rendered":"<p>El <strong>Sevilla<\/strong> defender\u00e1 este martes, en la vuelta de los cuartos de final de la Copa del Rey, su renta del 1-2 logrado la semana pasada en el <strong>Wanda Metropolitano<\/strong>, ante un <strong>Atl\u00e9tico<\/strong> que acude al encuentro sin su delantero m\u00e1s en forma, el hispanobrasile\u00f1o <strong>Diego Costa<\/strong>, lesionado ante el Girona.<\/p>\n<iframe src=\"https:\/\/en-vivo.futboltotal.com.mx\/embed.php\/?id=523\" width=\"100%\" id=\"frame_minuto\"><\/iframe>\n<p>Desde que acab\u00f3 el pasado mi\u00e9rcoles el partido de ida, con un resultado que ni el m\u00e1s optimista de los sevillistas esperaba debido a la crisis deportiva que ten\u00eda deprimido al equipo, la prudencia y el respeto est\u00e1n en el discurso del conjunto hispalense, pues se considera que el cuadro que entrena el argentino Diego Simeone es de los m\u00e1s competitivos que existe en la actualidad.<\/p>\n<p>Pese a ello, esa victoria de peso reactiv\u00f3 al Sevilla, que de la mano del italiano Vincenzo Montella hab\u00eda cumplido en la Copa con la eliminaci\u00f3n del C\u00e1diz, pero hab\u00eda defraudado en sus dos primeras citas de liga, una muy dolorosa ante el Betis (3-5) y la otra en Vitoria frente al Alav\u00e9s (1-0).<\/p>\n<p>Atl\u00e9tico necesita como primer requisito marcar dos goles en el S\u00e1nchez Pizju\u00e1n, un paso imprescindible para anular la ventaja sevillista, que tiene valor doble en caso de empate al haber obtenido los tantos en campo contrario.<\/p>\n<p>Para el club rojiblanco es un golpe afrontar el encuentro sin Diego Costa, el atacante que m\u00e1s sensaci\u00f3n de peligro aporta al equipo del argentino Diego Pablo Simeone, y que se ha quedado fuera por una elongaci\u00f3n muscular en uno de sus aductores manifestada durante el duelo del s\u00e1bado ante el Girona.<\/p>\n<p>Sin Costa, cobra especial relevancia el concurso del delantero franc\u00e9s Antoine Griezmann, que volvi\u00f3 a ver puerta este s\u00e1bado a pase de Costa tras mes y medio sin marcar en Liga, es el m\u00e1ximo goleador atl\u00e9tico con nueve goles entre todas las competiciones, pero no est\u00e1 siendo tan determinante como en otras temporadas. Este martes, el Atl\u00e9tico le necesitar\u00e1 m\u00e1s que nunc<\/p>\n","protected":false},"excerpt":{"rendered":"<p>Los Cuartos de Final de la Copa del Rey tendr\u00e1 un desenlace <\/p>\n","protected":false},"author":129,"featured_media":515423,"comment_status":"closed","ping_status":"closed","sticky":false,"template":"","format":"standard","meta":[],"categories":[3839],"tags":[6007,11642,49],"_links":{"self":[{"href":"http:\/\/desarrollo.grupomedios.com\/futbol\/wp-json\/wp\/v2\/posts\/515416"}],"collection":[{"href":"http:\/\/desarrollo.grupomedios.com\/futbol\/wp-json\/wp\/v2\/posts"}],"about":[{"href":"http:\/\/desarrollo.grupomedios.com\/futbol\/wp-json\/wp\/v2\/types\/post"}],"author":[{"embeddable":true,"href":"http:\/\/desarrollo.grupomedios.com\/futbol\/wp-json\/wp\/v2\/users\/129"}],"replies":[{"embeddable":true,"href":"http:\/\/desarrollo.grupomedios.com\/futbol\/wp-json\/wp\/v2\/comments?post=515416"}],"version-history":[{"count":3,"href":"http:\/\/desarrollo.grupomedios.com\/futbol\/wp-json\/wp\/v2\/posts\/515416\/revisions"}],"predecessor-version":[{"id":515425,"href":"http:\/\/desarrollo.grupomedios.com\/futbol\/wp-json\/wp\/v2\/posts\/515416\/revisions\/515425"}],"wp:featuredmedia":[{"embeddable":true,"href":"http:\/\/desarrollo.grupomedios.com\/futbol\/wp-json\/wp\/v2\/media\/515423"}],"wp:attachment":[{"href":"http:\/\/desarrollo.grupomedios.com\/futbol\/wp-json\/wp\/v2\/media?parent=515416"}],"wp:term":[{"taxonomy":"category","embeddable":true,"href":"http:\/\/desarrollo.grupomedios.com\/futbol\/wp-json\/wp\/v2\/categories?post=515416"},{"taxonomy":"post_tag","embeddable":true,"href":"http:\/\/desarrollo.grupomedios.com\/futbol\/wp-json\/wp\/v2\/tags?post=515416"}],"curies":[{"name":"wp","href":"https:\/\/api.w.org\/{rel}","templated":true}]}}