{"id":515419,"date":"2018-01-23T11:18:19","date_gmt":"2018-01-23T17:18:19","guid":{"rendered":"https:\/\/www.futboltotal.com.mx\/?p=515419"},"modified":"2018-01-23T11:19:54","modified_gmt":"2018-01-23T17:19:54","slug":"paris-saint-germain-la-mira-en-karim-benzema","status":"publish","type":"post","link":"http:\/\/desarrollo.grupomedios.com\/futbol\/futbol-internacional\/paris-saint-germain-la-mira-en-karim-benzema\/2018\/01","title":{"rendered":"Paris Saint-Germain tiene la mira en Karim Benzema"},"content":{"rendered":"<p>El mercado de este invierno est\u00e1 que arde en los \u00faltimos d\u00edas en que los equipos podr\u00e1n hacer sus transferencias, el <strong>Real Madrid<\/strong> es uno de los equipos que prefieren esperar hasta el verano para planificar la temporada desde el inicio, pero si est\u00e1n claros en los futbolistas que podr\u00edan marcharse y uno de ellos es el delantero franc\u00e9s <strong>Karim Benzema<\/strong>, sobre todo cuando ya tiene una &#8216;novia&#8217; en puerta.<\/p>\n<p><strong>\u201cLas noticias llegadas al Real Madrid invitan a la esperanza.<\/strong>\u00a0La esperanza es poder colocar adecuadamente en el mercado de verano a un jugador cuya etapa en el Real Madrid ha terminado, y que\u00a0<strong>adem\u00e1s permitir\u00eda abaratar el fichaje de Neymar Jr.<mark> Lo que ha manifestado el PSG es el inter\u00e9s en hacerse el pr\u00f3ximo verano con Karim Benzema<\/mark>\u201d<\/strong>,\u00a0dijo Eduardo Inda en El Chiringuito.<\/p>\n<p><iframe loading=\"lazy\" id=\"ls_embed_1516727265\" src=\"https:\/\/livestream.com\/accounts\/26334831\/events\/7899995\/videos\/169073407\/player?width=640&amp;height=360&amp;enableInfo=true&amp;defaultDrawer=&amp;autoPlay=true&amp;mute=false\" frameborder=\"0\" scrolling=\"no\" allowfullscreen=\"allowfullscreen\"> <\/iframe><\/p>\n<p style=\"text-align: center;\"><a href=\"https:\/\/www.futboltotal.com.mx\/futbol-mexicano\/seleccion-mexicana\/hector-miguel-zelada-tunde-a-guillermo-ochoa\/2018\/01\">VER M\u00c1S: H\u00e9ctor Miguel Zelada tunde con todo a Guillermo Ochoa<\/a><\/p>\n<p>En el equipo parisino saben que podr\u00e1n saber del delantero hasta junio, pues es\u00a0 cuando los merengues comienzan a mover sus piezas de forma importante. Por su parte en la entidad blanca creen que el ciclo del delantero ha llegado a su fin y es el momento de escuchar propuestas importantes para poder venderlo y saben que el due\u00f1o del PSG,\u00a0<strong>Al Khelaifi, <\/strong>desea tener a los mejores futbolistas franceses en el equipo.<\/p>\n<p>De tener a Karim Benzema y<strong> Kylian Mbapp\u00e9<\/strong> pensar\u00eda que s<mark>olo le faltar\u00eda <strong>Antoine Griezmann<\/strong> para completar a los tres mejores futbolistas franceses<\/mark>, por el cual cargar\u00eda si <strong>Neymar<\/strong> decide dejar a los parisinos.<\/p>\n<p style=\"text-align: center;\"><a href=\"https:\/\/www.futboltotal.com.mx\/liga-de-portugal\/8-dias-miguel-layun-ira-al-betis-alaves\/2018\/01\">VER M\u00c1S: 8 d\u00edas para Miguel Lay\u00fan \u00bfIr\u00e1 al Betis o Alav\u00e9s?<\/a><\/p>\n","protected":false},"excerpt":{"rendered":"<p>El delantero franc\u00e9s tendr\u00eda las horas contadas con el Real Madrid<\/p>\n","protected":false},"author":159,"featured_media":515420,"comment_status":"closed","ping_status":"closed","sticky":false,"template":"","format":"standard","meta":[],"categories":[3839,3844],"tags":[6042,1376,114,5988],"_links":{"self":[{"href":"http:\/\/desarrollo.grupomedios.com\/futbol\/wp-json\/wp\/v2\/posts\/515419"}],"collection":[{"href":"http:\/\/desarrollo.grupomedios.com\/futbol\/wp-json\/wp\/v2\/posts"}],"about":[{"href":"http:\/\/desarrollo.grupomedios.com\/futbol\/wp-json\/wp\/v2\/types\/post"}],"author":[{"embeddable":true,"href":"http:\/\/desarrollo.grupomedios.com\/futbol\/wp-json\/wp\/v2\/users\/159"}],"replies":[{"embeddable":true,"href":"http:\/\/desarrollo.grupomedios.com\/futbol\/wp-json\/wp\/v2\/comments?post=515419"}],"version-history":[{"count":2,"href":"http:\/\/desarrollo.grupomedios.com\/futbol\/wp-json\/wp\/v2\/posts\/515419\/revisions"}],"predecessor-version":[{"id":515422,"href":"http:\/\/desarrollo.grupomedios.com\/futbol\/wp-json\/wp\/v2\/posts\/515419\/revisions\/515422"}],"wp:featuredmedia":[{"embeddable":true,"href":"http:\/\/desarrollo.grupomedios.com\/futbol\/wp-json\/wp\/v2\/media\/515420"}],"wp:attachment":[{"href":"http:\/\/desarrollo.grupomedios.com\/futbol\/wp-json\/wp\/v2\/media?parent=515419"}],"wp:term":[{"taxonomy":"category","embeddable":true,"href":"http:\/\/desarrollo.grupomedios.com\/futbol\/wp-json\/wp\/v2\/categories?post=515419"},{"taxonomy":"post_tag","embeddable":true,"href":"http:\/\/desarrollo.grupomedios.com\/futbol\/wp-json\/wp\/v2\/tags?post=515419"}],"curies":[{"name":"wp","href":"https:\/\/api.w.org\/{rel}","templated":true}]}}