{"id":515433,"date":"2018-01-23T14:59:45","date_gmt":"2018-01-23T20:59:45","guid":{"rendered":"https:\/\/www.futboltotal.com.mx\/?p=515433"},"modified":"2018-01-23T14:59:45","modified_gmt":"2018-01-23T20:59:45","slug":"cinco-anos-los-tigres","status":"publish","type":"post","link":"http:\/\/desarrollo.grupomedios.com\/futbol\/futbol-mexicano\/cinco-anos-los-tigres\/2018\/01","title":{"rendered":"\u00a1Cinco a\u00f1os m\u00e1s con los Tigres!"},"content":{"rendered":"<p>Los <strong>Tigres de la UANL<\/strong> han confirmado la permanencia de <strong>J\u00fcrgen Damm<\/strong> por cinco a\u00f1os m\u00e1s con la instituci\u00f3n regiomontana y con ello se disipan las perspicacias sobre un posible traslado a otro equipo.<\/p>\n<p>Damm ha sido futbolista de los felinos desde el 2015, donde bajo el mando de <strong>Ricardo &#8216;Tuca&#8217; Ferretti<\/strong> no ha tenido una titularidad constante, pero si ha sido un revulsivo que con regularidad responde a las peticiones del brasile\u00f1o.<\/p>\n<p><mark>El jugador de 25 a\u00f1os explic\u00f3 que &#8220;recib\u00ed un consejo muy importante de alguien que quiero mucho y respeto que es el &#8216;Tuca&#8217;, <strong>dos equipos de Europa me buscaron<\/strong>, pero he tomado una decisi\u00f3n muy bien pensada&#8221;.<\/mark><\/p>\n<p style=\"text-align: center;\"><span style=\"color: #333399;\"><a href=\"https:\/\/www.futboltotal.com.mx\/futbol-mexicano\/hector-miguel-zelada-tunde-a-guillermo-ochoa\/2018\/01\">VER M\u00c1S: <span class=\"item-title\">H\u00e9ctor Miguel Zelada tunde con todo a Guillermo Ochoa<\/span><\/a><\/span><\/p>\n<p>Damm afirm\u00f3 que una de las decisiones m\u00e1s importantes por las que se qued\u00f3 con Tigres, es porque <strong>&#8220;el cari\u00f1o que me ha dado la instituci\u00f3n es algo que no cambio por nada<\/strong>&#8220;.<\/p>\n<blockquote class=\"twitter-video\" data-lang=\"es\">\n<p dir=\"ltr\" lang=\"es\">\u201cHubo oferta para irme este verano, lo platicamos y si hay alguien que respeto y quiero es al \u2018Tuca\u2019, su consejo fue el mejor. Eran dos equipos de Europa\u201d. &#x1f42f; <a href=\"https:\/\/t.co\/WbgDQoIlHk\">pic.twitter.com\/WbgDQoIlHk<\/a><\/p>\n<p>\u2014 PressPort (@PressPortmx) <a href=\"https:\/\/twitter.com\/PressPortmx\/status\/955900598779596800?ref_src=twsrc%5Etfw\">23 de enero de 2018<\/a><\/p><\/blockquote>\n<p><script async src=\"https:\/\/platform.twitter.com\/widgets.js\" charset=\"utf-8\"><\/script><\/p>\n","protected":false},"excerpt":{"rendered":"<p>El delantero seguir\u00e1 brillando con los colores del equipo regiomontano <\/p>\n","protected":false},"author":160,"featured_media":515434,"comment_status":"closed","ping_status":"closed","sticky":false,"template":"","format":"standard","meta":[],"categories":[2198,3845],"tags":[1916,5973],"_links":{"self":[{"href":"http:\/\/desarrollo.grupomedios.com\/futbol\/wp-json\/wp\/v2\/posts\/515433"}],"collection":[{"href":"http:\/\/desarrollo.grupomedios.com\/futbol\/wp-json\/wp\/v2\/posts"}],"about":[{"href":"http:\/\/desarrollo.grupomedios.com\/futbol\/wp-json\/wp\/v2\/types\/post"}],"author":[{"embeddable":true,"href":"http:\/\/desarrollo.grupomedios.com\/futbol\/wp-json\/wp\/v2\/users\/160"}],"replies":[{"embeddable":true,"href":"http:\/\/desarrollo.grupomedios.com\/futbol\/wp-json\/wp\/v2\/comments?post=515433"}],"version-history":[{"count":1,"href":"http:\/\/desarrollo.grupomedios.com\/futbol\/wp-json\/wp\/v2\/posts\/515433\/revisions"}],"predecessor-version":[{"id":515435,"href":"http:\/\/desarrollo.grupomedios.com\/futbol\/wp-json\/wp\/v2\/posts\/515433\/revisions\/515435"}],"wp:featuredmedia":[{"embeddable":true,"href":"http:\/\/desarrollo.grupomedios.com\/futbol\/wp-json\/wp\/v2\/media\/515434"}],"wp:attachment":[{"href":"http:\/\/desarrollo.grupomedios.com\/futbol\/wp-json\/wp\/v2\/media?parent=515433"}],"wp:term":[{"taxonomy":"category","embeddable":true,"href":"http:\/\/desarrollo.grupomedios.com\/futbol\/wp-json\/wp\/v2\/categories?post=515433"},{"taxonomy":"post_tag","embeddable":true,"href":"http:\/\/desarrollo.grupomedios.com\/futbol\/wp-json\/wp\/v2\/tags?post=515433"}],"curies":[{"name":"wp","href":"https:\/\/api.w.org\/{rel}","templated":true}]}}