{"id":515441,"date":"2018-01-23T16:46:58","date_gmt":"2018-01-23T22:46:58","guid":{"rendered":"https:\/\/www.futboltotal.com.mx\/?p=515441"},"modified":"2018-01-23T16:46:58","modified_gmt":"2018-01-23T22:46:58","slug":"robinho-estara-vuelta-en-futbol-europeo-pese-a-condena","status":"publish","type":"post","link":"http:\/\/desarrollo.grupomedios.com\/futbol\/futbol-internacional\/robinho-estara-vuelta-en-futbol-europeo-pese-a-condena\/2018\/01","title":{"rendered":"Robinho estar\u00e1 de vuelta en el futbol europeo pese a condena"},"content":{"rendered":"<p>El equipo turco <strong>Sivasspor<\/strong>, radicado en la ciudad de <strong>Sivas<\/strong> en Anatolia central, ha anunciado este lunes un &#8220;acuerdo de principio&#8221; con el delantero brasile\u00f1o <strong>Robinho<\/strong>, aseverando que el jugador viajar\u00e1 ma\u00f1ana a <strong>Turqu\u00eda<\/strong> para firmar el contrato.<\/p>\n<p>&#8220;El delantero Robinho, con el que hablamos desde hace mucho tiempo para un fichaje, y con el que llegamos a un acuerdo de principio, estar\u00e1 ma\u00f1ana en Sivas&#8221;, indica el escueto comunicado, publicado en la web oficial del club.<\/p>\n<p>&#8220;Tras las \u00faltimas entrevistas, (el jugador) firmar\u00e1 el contrato oficial&#8221;, concluye la nota.<\/p>\n<p style=\"text-align: center;\"><span style=\"color: #3366ff;\"><a href=\"https:\/\/www.futboltotal.com.mx\/futbol-internacional\/liga-de-inglaterra\/arsene-wenger-confirma-negociaciones-del-arsenal-aubameyang\/2018\/01\">VER M\u00c1S: Arsene Wenger confirma negociaciones del Arsenal por Aubameyang<\/a><\/span><\/p>\n<blockquote class=\"twitter-tweet\" data-width=\"500\">\n<p lang=\"tr\" dir=\"ltr\">Demir Grup Sivasspor\u00b4umuz, Brezilyal\u0131 y\u0131ld\u0131z futbolcu Robinho ile resmi s\u00f6zle\u015fme imzalad\u0131.<a href=\"https:\/\/t.co\/Cy4tgFCEtE\">https:\/\/t.co\/Cy4tgFCEtE<\/a> <a href=\"https:\/\/t.co\/n6uLX6wNTn\">pic.twitter.com\/n6uLX6wNTn<\/a><\/p>\n<p>&mdash; Sivasspor (@SivassporKulubu) <a href=\"https:\/\/twitter.com\/SivassporKulubu\/status\/955832784802770945?ref_src=twsrc%5Etfw\">January 23, 2018<\/a><\/p><\/blockquote>\n<p><script async src=\"https:\/\/platform.twitter.com\/widgets.js\" charset=\"utf-8\"><\/script><\/p>\n<p>El Sivasspor, habitualmente uno de los 18 equipos de la Superliga turca, acab\u00f3 la temporada pasada en Segunda, pero regres\u00f3 este oto\u00f1o a la Primera divisi\u00f3n y se sit\u00faa actualmente en el octavo puesto.<\/p>\n<p>Si Robinho, de 33 a\u00f1os y antiguo jugador del Real Madrid, el Manchester City y del Mil\u00e1n, acaba ingresando en el club, compartir\u00e1 la fila de ataque con su compatriota Leandrinho, que juega desde 2016 en este club. EFE<\/p>\n","protected":false},"excerpt":{"rendered":"<p>Robinho volver\u00e1 a Europa luego de su paso por el Milan.<\/p>\n","protected":false},"author":129,"featured_media":515446,"comment_status":"closed","ping_status":"closed","sticky":false,"template":"","format":"standard","meta":[],"categories":[3839],"tags":[6214,521],"_links":{"self":[{"href":"http:\/\/desarrollo.grupomedios.com\/futbol\/wp-json\/wp\/v2\/posts\/515441"}],"collection":[{"href":"http:\/\/desarrollo.grupomedios.com\/futbol\/wp-json\/wp\/v2\/posts"}],"about":[{"href":"http:\/\/desarrollo.grupomedios.com\/futbol\/wp-json\/wp\/v2\/types\/post"}],"author":[{"embeddable":true,"href":"http:\/\/desarrollo.grupomedios.com\/futbol\/wp-json\/wp\/v2\/users\/129"}],"replies":[{"embeddable":true,"href":"http:\/\/desarrollo.grupomedios.com\/futbol\/wp-json\/wp\/v2\/comments?post=515441"}],"version-history":[{"count":1,"href":"http:\/\/desarrollo.grupomedios.com\/futbol\/wp-json\/wp\/v2\/posts\/515441\/revisions"}],"predecessor-version":[{"id":515448,"href":"http:\/\/desarrollo.grupomedios.com\/futbol\/wp-json\/wp\/v2\/posts\/515441\/revisions\/515448"}],"wp:featuredmedia":[{"embeddable":true,"href":"http:\/\/desarrollo.grupomedios.com\/futbol\/wp-json\/wp\/v2\/media\/515446"}],"wp:attachment":[{"href":"http:\/\/desarrollo.grupomedios.com\/futbol\/wp-json\/wp\/v2\/media?parent=515441"}],"wp:term":[{"taxonomy":"category","embeddable":true,"href":"http:\/\/desarrollo.grupomedios.com\/futbol\/wp-json\/wp\/v2\/categories?post=515441"},{"taxonomy":"post_tag","embeddable":true,"href":"http:\/\/desarrollo.grupomedios.com\/futbol\/wp-json\/wp\/v2\/tags?post=515441"}],"curies":[{"name":"wp","href":"https:\/\/api.w.org\/{rel}","templated":true}]}}