{"id":515466,"date":"2018-01-23T18:19:15","date_gmt":"2018-01-24T00:19:15","guid":{"rendered":"https:\/\/www.futboltotal.com.mx\/?p=515466"},"modified":"2018-01-23T18:19:15","modified_gmt":"2018-01-24T00:19:15","slug":"ex-jugador-cruz-azul-llega-al-futbol-espana","status":"publish","type":"post","link":"http:\/\/desarrollo.grupomedios.com\/futbol\/futbol-internacional\/ex-jugador-cruz-azul-llega-al-futbol-espana\/2018\/01","title":{"rendered":"Ex jugador de Cruz Azul llega al futbol de Espa\u00f1a"},"content":{"rendered":"<p><span id=\"ctl14_lblMostra\">El Mallorca, que milita en la Segunda Divisi\u00f3n B (tercera categor\u00eda) del f\u00fatbol espa\u00f1ol, ha hecho oficial este martes el fichaje del centrocampista argentino <strong>Alejandro Faurl\u00edn<\/strong>, ex jugador del Getafe madrile\u00f1o en la temporada 2016-2017 y que procede del <\/span><span id=\"ctl14_lblMostra\"><strong>Cruz Azul<\/strong> <\/span><span id=\"ctl14_lblMostra\">, seg\u00fan ha confirmado el club balear.<\/p>\n<p>Faurl\u00edn, de 31 a\u00f1os, es el cuarto refuerzo del <strong>Mallorca<\/strong> en el mercado de invierno tras \u00c1lvaro Bustos, Salva Ruiz y Aridai Cabrera.<\/p>\n<p>El futbolista sudamericano, que ha firmado hasta final de temporada con opci\u00f3n a otros dos m\u00e1s, ha declarado que se siente &#8220;feliz&#8221; de incorporarse a la disciplina del Mallorca, l\u00edder del Grupo III de Segunda B.<\/span><\/p>\n<p style=\"text-align: center;\"><span id=\"ctl14_lblMostra\"><a href=\"https:\/\/www.futboltotal.com.mx\/futbol-internacional\/robinho-estara-vuelta-en-futbol-europeo-pese-a-condena\/2018\/01\">VER M\u00c1S: <span class=\"item-title\">Robinho estar\u00e1 de vuelta en el futbol europeo pese a condena<\/span><\/a><\/span><\/p>\n<p style=\"text-align: left;\"><span id=\"ctl14_lblMostra\"><strong>&#8220;Vengo con humildad a sumar en un proyecto en el que creo&#8221;<\/strong>, ha se\u00f1alado Faurl\u00edn, que llega libre tras rescindir con el Cruz Azul.<\/p>\n<p>Antes hab\u00eda militado en el <strong>Queen Park Rangers<\/strong> de la Premier y el <strong>Palermo<\/strong>, del Serie A de Italia.<\/p>\n<p>El Mallorca, asimismo, ha anunciado que el club &#8220;sigue trabajando&#8221; para contratar a un delantero con el objetivo de reforzar al equipo que dirige el t\u00e9cnico <strong>Vicente Moreno<\/strong> en la segunda vuelta del campeonato.<\/span><\/p>\n<p><em>INFORMACI\u00d3N: EFE<\/em><\/p>\n","protected":false},"excerpt":{"rendered":"<p>El ex futbolista de la M\u00e1quina estar\u00e1 presente en el futbol espa\u00f1ol<\/p>\n","protected":false},"author":160,"featured_media":515471,"comment_status":"closed","ping_status":"closed","sticky":false,"template":"","format":"standard","meta":[],"categories":[3839,3844],"tags":[5962,6945],"_links":{"self":[{"href":"http:\/\/desarrollo.grupomedios.com\/futbol\/wp-json\/wp\/v2\/posts\/515466"}],"collection":[{"href":"http:\/\/desarrollo.grupomedios.com\/futbol\/wp-json\/wp\/v2\/posts"}],"about":[{"href":"http:\/\/desarrollo.grupomedios.com\/futbol\/wp-json\/wp\/v2\/types\/post"}],"author":[{"embeddable":true,"href":"http:\/\/desarrollo.grupomedios.com\/futbol\/wp-json\/wp\/v2\/users\/160"}],"replies":[{"embeddable":true,"href":"http:\/\/desarrollo.grupomedios.com\/futbol\/wp-json\/wp\/v2\/comments?post=515466"}],"version-history":[{"count":1,"href":"http:\/\/desarrollo.grupomedios.com\/futbol\/wp-json\/wp\/v2\/posts\/515466\/revisions"}],"predecessor-version":[{"id":515472,"href":"http:\/\/desarrollo.grupomedios.com\/futbol\/wp-json\/wp\/v2\/posts\/515466\/revisions\/515472"}],"wp:featuredmedia":[{"embeddable":true,"href":"http:\/\/desarrollo.grupomedios.com\/futbol\/wp-json\/wp\/v2\/media\/515471"}],"wp:attachment":[{"href":"http:\/\/desarrollo.grupomedios.com\/futbol\/wp-json\/wp\/v2\/media?parent=515466"}],"wp:term":[{"taxonomy":"category","embeddable":true,"href":"http:\/\/desarrollo.grupomedios.com\/futbol\/wp-json\/wp\/v2\/categories?post=515466"},{"taxonomy":"post_tag","embeddable":true,"href":"http:\/\/desarrollo.grupomedios.com\/futbol\/wp-json\/wp\/v2\/tags?post=515466"}],"curies":[{"name":"wp","href":"https:\/\/api.w.org\/{rel}","templated":true}]}}