{"id":515474,"date":"2018-01-23T18:59:13","date_gmt":"2018-01-24T00:59:13","guid":{"rendered":"https:\/\/www.futboltotal.com.mx\/?p=515474"},"modified":"2018-01-23T18:59:13","modified_gmt":"2018-01-24T00:59:13","slug":"puebla-deja-ir-a-delantero-sudamericano-al-futbol-colombia","status":"publish","type":"post","link":"http:\/\/desarrollo.grupomedios.com\/futbol\/futbol-mexicano\/puebla-deja-ir-a-delantero-sudamericano-al-futbol-colombia\/2018\/01","title":{"rendered":"Puebla deja ir a delantero sudamericano al futbol de Colombia"},"content":{"rendered":"<p><span id=\"ctl14_lblMostra\">El delantero colombiano <strong>F\u00e9lix Micolta<\/strong> fue anunciado este martes como nuevo refuerzo del <strong>Am\u00e9rica de Cali<\/strong>, club al que llega procedente del <strong>Puebla<\/strong>.<\/p>\n<p><mark>&#8220;Es una emoci\u00f3n muy grande llegar a este gran club, a una instituci\u00f3n tan grande como lo es Am\u00e9rica. Ahora es solo trabajar duro, ganarse un espacio y darlo todo por esta camiseta&#8221;<\/mark>, afirm\u00f3 Micolta en un v\u00eddeo difundido por los <em>Diablos Rojos<\/em> en sus redes sociales.<\/p>\n<p>El jugador, de 28 a\u00f1os, se describi\u00f3 como <strong>muy veloz<\/strong>, que <strong>gusta encarar, asistir, anotar<\/strong> y desplazarse especialmente por el carril derecho.<\/span><\/p>\n<p style=\"text-align: center;\"><span id=\"ctl14_lblMostra\"><span style=\"color: #333399;\"><a href=\"https:\/\/www.futboltotal.com.mx\/futbol-internacional\/ex-jugador-cruz-azul-llega-al-futbol-espana\/2018\/01\">VER M\u00c1S: <span class=\"item-title\">Ex jugador de Cruz Azul llega al futbol de Espa\u00f1a<\/span><\/a><\/span><\/span><\/p>\n<p style=\"text-align: left;\"><span id=\"ctl14_lblMostra\"><span style=\"color: #333399;\"><\/span>&#8220;En cada partido dar\u00e9 el ciento por ciento para cosechar los triunfos que esta gran instituci\u00f3n quiere&#8221;, apostill\u00f3.<\/p>\n<p><strong>En 2017, el colombiano anot\u00f3 nueve goles en el f\u00fatbol mexicano<\/strong>, de los cuales siete fueron vistiendo la camiseta del Chiapas en el primer semestre del a\u00f1o y los otros dos en el segundo, cuando jug\u00f3 para el Puebla.<\/p>\n<p>Micolta tambi\u00e9n pas\u00f3 por el Ju\u00e1rez de la Segunda Divisi\u00f3n de M\u00e9xico, el Mar\u00edtimo de Portugal y por los colombianos Independiente Medell\u00edn, Uniaut\u00f3noma, Santa Fe, Atl\u00e9tico Nacional, Deportivo Cali, Deportes Tolima, Once Caldas y Atl\u00e9tico Bucaramanga, con en el que debut\u00f3 en 2008. <\/span><\/p>\n<p><em>INFORMACI\u00d3N: EFE<\/em><\/p>\n","protected":false},"excerpt":{"rendered":"<p>Fue uno de los delanteros m\u00e1s potentes con los que cont\u00f3 La Franja en el \u00faltimo a\u00f1o<\/p>\n","protected":false},"author":160,"featured_media":515475,"comment_status":"closed","ping_status":"closed","sticky":false,"template":"","format":"standard","meta":[],"categories":[2198,3845],"tags":[2759,8479,5969],"_links":{"self":[{"href":"http:\/\/desarrollo.grupomedios.com\/futbol\/wp-json\/wp\/v2\/posts\/515474"}],"collection":[{"href":"http:\/\/desarrollo.grupomedios.com\/futbol\/wp-json\/wp\/v2\/posts"}],"about":[{"href":"http:\/\/desarrollo.grupomedios.com\/futbol\/wp-json\/wp\/v2\/types\/post"}],"author":[{"embeddable":true,"href":"http:\/\/desarrollo.grupomedios.com\/futbol\/wp-json\/wp\/v2\/users\/160"}],"replies":[{"embeddable":true,"href":"http:\/\/desarrollo.grupomedios.com\/futbol\/wp-json\/wp\/v2\/comments?post=515474"}],"version-history":[{"count":1,"href":"http:\/\/desarrollo.grupomedios.com\/futbol\/wp-json\/wp\/v2\/posts\/515474\/revisions"}],"predecessor-version":[{"id":515476,"href":"http:\/\/desarrollo.grupomedios.com\/futbol\/wp-json\/wp\/v2\/posts\/515474\/revisions\/515476"}],"wp:featuredmedia":[{"embeddable":true,"href":"http:\/\/desarrollo.grupomedios.com\/futbol\/wp-json\/wp\/v2\/media\/515475"}],"wp:attachment":[{"href":"http:\/\/desarrollo.grupomedios.com\/futbol\/wp-json\/wp\/v2\/media?parent=515474"}],"wp:term":[{"taxonomy":"category","embeddable":true,"href":"http:\/\/desarrollo.grupomedios.com\/futbol\/wp-json\/wp\/v2\/categories?post=515474"},{"taxonomy":"post_tag","embeddable":true,"href":"http:\/\/desarrollo.grupomedios.com\/futbol\/wp-json\/wp\/v2\/tags?post=515474"}],"curies":[{"name":"wp","href":"https:\/\/api.w.org\/{rel}","templated":true}]}}