{"id":515482,"date":"2018-01-23T20:55:40","date_gmt":"2018-01-24T02:55:40","guid":{"rendered":"https:\/\/www.futboltotal.com.mx\/?p=515482"},"modified":"2018-01-24T12:13:11","modified_gmt":"2018-01-24T18:13:11","slug":"west-ham-no-dejaria-irse-a-chicharito","status":"publish","type":"post","link":"http:\/\/desarrollo.grupomedios.com\/futbol\/futbol-internacional\/west-ham-no-dejaria-irse-a-chicharito\/2018\/01","title":{"rendered":"West Ham no dejar\u00eda irse a Chicharito"},"content":{"rendered":"<p><strong>Javier &#8216;Chicharito&#8217; Hern\u00e1ndez<\/strong> tiene en la mente jugar de forma regular y tener los mayores minutos posibles con miras al <strong>Mundial de Rusia 2018<\/strong>.<\/p>\n<p>Con el <strong>West Ham<\/strong> no ha podido tener tanta regularidad bajo el mandato de David Moyes, donde pas\u00f3 de ser regular a tener pocos minutos desde la banca.<\/p>\n<p>&#8216;Chicharito&#8217; ya habr\u00eda pedido su salida de los &#8220;Hammers&#8221; pero esto no ser\u00eda posibles tras las lesiones de los delanteros <strong>Andy Carroll y Marko Arnautovic<\/strong>, quienes estar\u00e1n fuera por tres meses y tres semanas, respectivamente, y ser\u00eda motivo para que David Moyes no permita su salida.<\/p>\n<p style=\"text-align: center;\"><span style=\"color: #333399;\"><a href=\"https:\/\/www.futboltotal.com.mx\/futbol-internacional\/despues-22-juegos-paco-memo-salio-a-la-banca-standard-lieja\/2018\/01\">VER M\u00c1S: <span class=\"item-title\">Despu\u00e9s de 22 juegos, Paco Memo sali\u00f3 a la banca con el Standard Lieja<\/span><\/a><\/span><\/p>\n<p>En entrevista con <em>Fox Sports<\/em> el representante del &#8216;Chicharito&#8217;, <strong>Eduardo Hern\u00e1ndez<\/strong>, afirm\u00f3 que ellos van a ponderar d\u00f3nde tendr\u00e1 m\u00e1s minutos Javier Hern\u00e1ndez para llegar m\u00e1s embalado a la <strong>Copa del Mundo<\/strong>.<\/p>\n<p>&nbsp;<\/p>\n<p>&nbsp;<\/p>\n","protected":false},"excerpt":{"rendered":"<p>El delantero mexicano no quiere seguir en la escuadra inglesa<\/p>\n","protected":false},"author":160,"featured_media":515483,"comment_status":"closed","ping_status":"closed","sticky":false,"template":"","format":"standard","meta":[],"categories":[3839,3846],"tags":[120,4037,1743],"_links":{"self":[{"href":"http:\/\/desarrollo.grupomedios.com\/futbol\/wp-json\/wp\/v2\/posts\/515482"}],"collection":[{"href":"http:\/\/desarrollo.grupomedios.com\/futbol\/wp-json\/wp\/v2\/posts"}],"about":[{"href":"http:\/\/desarrollo.grupomedios.com\/futbol\/wp-json\/wp\/v2\/types\/post"}],"author":[{"embeddable":true,"href":"http:\/\/desarrollo.grupomedios.com\/futbol\/wp-json\/wp\/v2\/users\/160"}],"replies":[{"embeddable":true,"href":"http:\/\/desarrollo.grupomedios.com\/futbol\/wp-json\/wp\/v2\/comments?post=515482"}],"version-history":[{"count":1,"href":"http:\/\/desarrollo.grupomedios.com\/futbol\/wp-json\/wp\/v2\/posts\/515482\/revisions"}],"predecessor-version":[{"id":515484,"href":"http:\/\/desarrollo.grupomedios.com\/futbol\/wp-json\/wp\/v2\/posts\/515482\/revisions\/515484"}],"wp:featuredmedia":[{"embeddable":true,"href":"http:\/\/desarrollo.grupomedios.com\/futbol\/wp-json\/wp\/v2\/media\/515483"}],"wp:attachment":[{"href":"http:\/\/desarrollo.grupomedios.com\/futbol\/wp-json\/wp\/v2\/media?parent=515482"}],"wp:term":[{"taxonomy":"category","embeddable":true,"href":"http:\/\/desarrollo.grupomedios.com\/futbol\/wp-json\/wp\/v2\/categories?post=515482"},{"taxonomy":"post_tag","embeddable":true,"href":"http:\/\/desarrollo.grupomedios.com\/futbol\/wp-json\/wp\/v2\/tags?post=515482"}],"curies":[{"name":"wp","href":"https:\/\/api.w.org\/{rel}","templated":true}]}}