{"id":515489,"date":"2018-01-24T08:47:13","date_gmt":"2018-01-24T14:47:13","guid":{"rendered":"https:\/\/www.futboltotal.com.mx\/?p=515489"},"modified":"2018-01-24T10:07:55","modified_gmt":"2018-01-24T16:07:55","slug":"darwin-quintero-sancionado-balonazo-a-reportero","status":"publish","type":"post","link":"http:\/\/desarrollo.grupomedios.com\/futbol\/destacado-home\/darwin-quintero-sancionado-balonazo-a-reportero\/2018\/01","title":{"rendered":"Darwin Quintero ser\u00eda sancionado por balonazo a un reportero"},"content":{"rendered":"<p><strong>Darwin Quintero<\/strong> no la ha pasado bien en sus \u00faltimos meses con las <strong>\u00c1guilas del Am\u00e9rica<\/strong>, ahora esto podr\u00eda alargarse y de una forma m\u00e1s dram\u00e1tica, pues el colombiano ser\u00eda sancionado por la directiva de <strong>Coapa<\/strong> luego que intentara darle un balonazo a un elemento de prensa este martes en el entrenamiento de los azulcremas.<\/p>\n<p>Al iniciar el entrenamiento, los futbolistas se reun\u00edan en el centro del campo con el fin de iniciar ejercicios con el esf\u00e9rico, sin embargo, <mark>Quintero tom\u00f3 un bal\u00f3n y apunt\u00f3 directo hacia donde estaba <strong>Marcelino Fern\u00e1ndez<\/strong><\/mark>, un reportero de ESPN quien estaba dando su enlace en vivo.<\/p>\n<p style=\"text-align: center;\"><a href=\"https:\/\/www.futboltotal.com.mx\/futbol-internacional\/liga-de-inglaterra\/west-ham-no-dejaria-irse-a-chicharito\/2018\/01\">VER M\u00c1S: West Ham no dejar\u00eda irse a Chicharito<\/a><\/p>\n<p><mark>El disparo del colombiano llevaba gran potencia y estuvo muy cerca de dar en el &#8216;blanco&#8217; pero el esf\u00e9rico pas\u00f3 apenas por encima del hombro del reportero<\/mark> quien apenas pudo reaccionar, en el acercamiento de la c\u00e1mara se puede ver que el futbolista lo hac\u00eda con la intenci\u00f3n de atinar al comunicador.<\/p>\n<blockquote class=\"twitter-video\" data-lang=\"es\">\n<p dir=\"ltr\" lang=\"es\">FATAL actitud por parte de Darwin Quintero.&#x1f621;<br \/>\nEl jugador del Am\u00e9rica, intent\u00f3 darle un balonazo al reportero de ESPN: Marcelino Fern\u00e1ndez.<\/p>\n<p>Es una falta de respeto al reportero y a su trabajo. Demuestra la poca educaci\u00f3n del futbolista&#8230;\u274camericanista: <a href=\"https:\/\/t.co\/ysdBfS9AmW\">pic.twitter.com\/ysdBfS9AmW<\/a><\/p>\n<p>\u2014 Karla Romero. (@ladiablarom) <a href=\"https:\/\/twitter.com\/ladiablarom\/status\/956033621009289216?ref_src=twsrc%5Etfw\">24 de enero de 2018<\/a><\/p><\/blockquote>\n<p><script async src=\"https:\/\/platform.twitter.com\/widgets.js\" charset=\"utf-8\"><\/script><\/p>\n<p><strong>PODR\u00cdA HABER SANCI\u00d3N.<\/strong><\/p>\n<p>La directiva de las \u00c1guilas vieron el video de lo sucedido, de acuerdo con el diario r\u00e9cord y habr\u00edan decidido imponer una sanci\u00f3n para Darwin, quien <mark>se espera sea separado del equipo durante el transcurso de las primeras horas de este d\u00eda<\/mark>. Esto podr\u00eda costarle ausencias en el terreno de juego y posteriores convocatorias.<\/p>\n<p>Esto agrava a\u00fan m\u00e1s a la situaci\u00f3n que vive el delantero, luego que se ha visto una baja de juego la cual ha sido recriminada por la afici\u00f3n, quien ped\u00eda su salida del club para este mercado de pases, sin embargo Miguel Herrera decidi\u00f3 mantenerlo a pesar de todo lo que se hablaba sobre ello.<\/p>\n<p style=\"text-align: center;\"><a href=\"https:\/\/www.futboltotal.com.mx\/futbol-mexicano\/seleccion-mexicana\/vela-los-hermanos-dos-santos-convocados-amistoso-ante-bosnia\/2018\/01\">VER M\u00c1S: Vela y los hermanos Dos Santos, convocados al TRI para amistoso ante Bosnia<\/a><\/p>\n<p>&nbsp;<\/p>\n","protected":false},"excerpt":{"rendered":"<p>El colombiano tuvo una mala actitud en el entrenamiento de los azulcremas<\/p>\n","protected":false},"author":159,"featured_media":515490,"comment_status":"closed","ping_status":"closed","sticky":false,"template":"","format":"standard","meta":[],"categories":[5,2198,3845],"tags":[5959,9028,284,64],"_links":{"self":[{"href":"http:\/\/desarrollo.grupomedios.com\/futbol\/wp-json\/wp\/v2\/posts\/515489"}],"collection":[{"href":"http:\/\/desarrollo.grupomedios.com\/futbol\/wp-json\/wp\/v2\/posts"}],"about":[{"href":"http:\/\/desarrollo.grupomedios.com\/futbol\/wp-json\/wp\/v2\/types\/post"}],"author":[{"embeddable":true,"href":"http:\/\/desarrollo.grupomedios.com\/futbol\/wp-json\/wp\/v2\/users\/159"}],"replies":[{"embeddable":true,"href":"http:\/\/desarrollo.grupomedios.com\/futbol\/wp-json\/wp\/v2\/comments?post=515489"}],"version-history":[{"count":2,"href":"http:\/\/desarrollo.grupomedios.com\/futbol\/wp-json\/wp\/v2\/posts\/515489\/revisions"}],"predecessor-version":[{"id":515494,"href":"http:\/\/desarrollo.grupomedios.com\/futbol\/wp-json\/wp\/v2\/posts\/515489\/revisions\/515494"}],"wp:featuredmedia":[{"embeddable":true,"href":"http:\/\/desarrollo.grupomedios.com\/futbol\/wp-json\/wp\/v2\/media\/515490"}],"wp:attachment":[{"href":"http:\/\/desarrollo.grupomedios.com\/futbol\/wp-json\/wp\/v2\/media?parent=515489"}],"wp:term":[{"taxonomy":"category","embeddable":true,"href":"http:\/\/desarrollo.grupomedios.com\/futbol\/wp-json\/wp\/v2\/categories?post=515489"},{"taxonomy":"post_tag","embeddable":true,"href":"http:\/\/desarrollo.grupomedios.com\/futbol\/wp-json\/wp\/v2\/tags?post=515489"}],"curies":[{"name":"wp","href":"https:\/\/api.w.org\/{rel}","templated":true}]}}