{"id":515509,"date":"2018-01-24T10:55:56","date_gmt":"2018-01-24T16:55:56","guid":{"rendered":"https:\/\/www.futboltotal.com.mx\/?p=515509"},"modified":"2018-01-24T10:55:56","modified_gmt":"2018-01-24T16:55:56","slug":"definidos-grupos-liga-naciones-nuevo-torneo-en-europa","status":"publish","type":"post","link":"http:\/\/desarrollo.grupomedios.com\/futbol\/futbol-internacional\/definidos-grupos-liga-naciones-nuevo-torneo-en-europa\/2018\/01","title":{"rendered":"Definidos los grupos de la Liga de Naciones, el nuevo torneo en Europa"},"content":{"rendered":"<p>La <strong>selecci\u00f3n espa\u00f1ola<\/strong> jugar\u00e1 contra las de <strong>Inglaterra<\/strong> y <strong>Croacia<\/strong> dentro de la primera fase de la<strong> Liga de Naciones<\/strong>, que se disputar\u00e1 entre los pr\u00f3ximos meses de septiembre y noviembre, seg\u00fan el sorteo realizado por la <strong>UEFA<\/strong> este mi\u00e9rcoles en Lausana (Suiza).<\/p>\n<p>Espa\u00f1a qued\u00f3 encuadrada en el grupo 4 de la denominada <em>Liga A<\/em>, compuesta por cuatro grupos de tres selecciones, en los que figuran las equipos m\u00e1s potentes de Europa, que ser\u00e1n lis que opten al t\u00edtulo de esta nueva competici\u00f3n creada por la UEFA.<\/p>\n<p>Las selecciones participantes en las otras tres ligas (B, C, D) pelear\u00e1n por ascender a la liga precedente y por no perder la categor\u00eda.<\/p>\n<p style=\"text-align: center;\"><span style=\"color: #3366ff;\"><a href=\"https:\/\/www.futboltotal.com.mx\/futbol-internacional\/los-futbolistas-fanaticos-del-chavo-del-8\/2018\/01\">VER M\u00c1S: Los futbolistas que son fan\u00e1ticos del Chavo del 8<\/a><\/span><\/p>\n<blockquote class=\"twitter-tweet\" data-width=\"500\">\n<p lang=\"es\" dir=\"ltr\">\u00a1El resultado oficial del sorteo de la <a href=\"https:\/\/twitter.com\/hashtag\/NationsLeague?src=hash&amp;ref_src=twsrc%5Etfw\">#NationsLeague<\/a>! \u2705 <a href=\"https:\/\/t.co\/ciFsmoHuxv\">pic.twitter.com\/ciFsmoHuxv<\/a><\/p>\n<p>&mdash; UEFA.com en espa\u00f1ol (@UEFAcom_es) <a href=\"https:\/\/twitter.com\/UEFAcom_es\/status\/956133413957832705?ref_src=twsrc%5Etfw\">January 24, 2018<\/a><\/p><\/blockquote>\n<p><script async src=\"https:\/\/platform.twitter.com\/widgets.js\" charset=\"utf-8\"><\/script><\/p>\n<p>El sorteo de la fase final, que se jugar\u00e1 entre el 5 y el 9 de junio de 2019, se realizar\u00e1 principios de diciembre de este a\u00f1o, cuando la UEFA debe decidir tambi\u00e9n la sede en la que se disputar\u00e1 \u00e9sta en uno de los cuatro pa\u00edses finalistas. EFE<\/p>\n","protected":false},"excerpt":{"rendered":"<p>Han quedado definidos los nuevos grupos del torneo de UEFA.<\/p>\n","protected":false},"author":129,"featured_media":515511,"comment_status":"closed","ping_status":"closed","sticky":false,"template":"","format":"standard","meta":[],"categories":[3839],"tags":[6000,1393,253,603,11648],"_links":{"self":[{"href":"http:\/\/desarrollo.grupomedios.com\/futbol\/wp-json\/wp\/v2\/posts\/515509"}],"collection":[{"href":"http:\/\/desarrollo.grupomedios.com\/futbol\/wp-json\/wp\/v2\/posts"}],"about":[{"href":"http:\/\/desarrollo.grupomedios.com\/futbol\/wp-json\/wp\/v2\/types\/post"}],"author":[{"embeddable":true,"href":"http:\/\/desarrollo.grupomedios.com\/futbol\/wp-json\/wp\/v2\/users\/129"}],"replies":[{"embeddable":true,"href":"http:\/\/desarrollo.grupomedios.com\/futbol\/wp-json\/wp\/v2\/comments?post=515509"}],"version-history":[{"count":1,"href":"http:\/\/desarrollo.grupomedios.com\/futbol\/wp-json\/wp\/v2\/posts\/515509\/revisions"}],"predecessor-version":[{"id":515512,"href":"http:\/\/desarrollo.grupomedios.com\/futbol\/wp-json\/wp\/v2\/posts\/515509\/revisions\/515512"}],"wp:featuredmedia":[{"embeddable":true,"href":"http:\/\/desarrollo.grupomedios.com\/futbol\/wp-json\/wp\/v2\/media\/515511"}],"wp:attachment":[{"href":"http:\/\/desarrollo.grupomedios.com\/futbol\/wp-json\/wp\/v2\/media?parent=515509"}],"wp:term":[{"taxonomy":"category","embeddable":true,"href":"http:\/\/desarrollo.grupomedios.com\/futbol\/wp-json\/wp\/v2\/categories?post=515509"},{"taxonomy":"post_tag","embeddable":true,"href":"http:\/\/desarrollo.grupomedios.com\/futbol\/wp-json\/wp\/v2\/tags?post=515509"}],"curies":[{"name":"wp","href":"https:\/\/api.w.org\/{rel}","templated":true}]}}