{"id":515516,"date":"2018-01-23T15:31:59","date_gmt":"2018-01-23T21:31:59","guid":{"rendered":"https:\/\/www.futboltotal.com.mx\/?p=515516"},"modified":"2018-01-24T16:42:21","modified_gmt":"2018-01-24T22:42:21","slug":"real-madrid-vs-leganes-copa-del-rey-2018-en-vivo-minuto-a-minuto","status":"publish","type":"post","link":"http:\/\/desarrollo.grupomedios.com\/futbol\/futbol-internacional\/real-madrid-vs-leganes-copa-del-rey-2018-en-vivo-minuto-a-minuto\/2018\/01","title":{"rendered":"Real Madrid vs Legan\u00e9s | Copa del Rey 2018 | EN VIVO: Minuto a minuto"},"content":{"rendered":"<p>El <strong>Real Madrid<\/strong> se enfrenta ante<strong> Legan\u00e9s<\/strong> en la vuelta de los<strong> Cuartos de Final<\/strong> de la <strong>Copa del Rey<\/strong> este 24 de enero en punto de las 14:30 en el Santiago Bernab\u00e9u, los merengues buscar\u00e1n un\u00a0resultado positivo que le instale en la regularidad y el pase a unas semifinales con las que sue\u00f1a por primera vez el\u00a0<span class=\"classCadenaBusqueda\">Legan\u00e9s<\/span>.<\/p>\n<div><iframe src=\"https:\/\/en-vivo.futboltotal.com.mx\/embed.php\/?id=524\" width=\"100%\" id=\"frame_minuto\"><\/iframe><\/div>\n<p>La vuelta de un mejor <strong>Marcelo<\/strong> o el liderazgo de <strong>Gareth Bale<\/strong> son aspectos que vuelven ilusionar al madridismo, pero que ante el\u00a0<span class=\"classCadenaBusqueda\">Legan\u00e9s<\/span>\u00a0no ver\u00e1. En principio Zidane tirar\u00e1 de la segunda unidad con retoques, ya que las ausencias por lesi\u00f3n de <strong>Jes\u00fas Vallejo<\/strong> y <strong>Dani Ceballos<\/strong>, m\u00e1s la necesidad de minutos de alg\u00fan indiscutible, cambiar\u00e1 el aspecto del once inicial.<\/p>\n<p>El capit\u00e1n<strong> Sergio Ramo<\/strong>s est\u00e1 recuperado de su lesi\u00f3n y necesita rodaje antes de Mestalla. Tendr\u00e1 sus primeros minutos de 2018 ante el\u00a0<span class=\"classCadenaBusqueda\">Legan\u00e9s<\/span>, en una defensa en la que<strong> Achraf<\/strong> se perfila como novedad en la banda derecha y Theo en la izquierda. Entre <strong>Nacho<\/strong> y<strong> Varane<\/strong> saldr\u00e1 la pareja de centrales.<\/p>\n<p>Por su parte, el\u00a0<span class=\"classCadenaBusqueda\">Legan\u00e9s<\/span>\u00a0visita el Santiago Bernab\u00e9u con la ilusi\u00f3n de poder sorprender al Real Madrid y remontar el 0-1 de la ida, lo que le permitir\u00eda acceder a las semifinales de la Copa del Rey por primera vez en su historia.<\/p>\n<p>Los blanquiazules, que llegan con la moral alta tras rescatar un punto en los instantes finales de su partido liguero ante el Alav\u00e9s, son conscientes de la dificultad del objetivo pero durante el curso han demostrado capacidad para competir y plantar cara a casi todos los rivales. <strong>Asier Garitano<\/strong> seguir\u00e1 contando con tres bajas importantes por problemas f\u00edsicos como son las de los jugadores argentinos <strong>Alexander Szymanowski<\/strong>, <strong>Ezequiel Mu\u00f1oz<\/strong> y <strong>Mauro Dos Santos<\/strong>.<\/p>\n","protected":false},"excerpt":{"rendered":"<p>El cuadro merengue llega con la ventaja m\u00ednima para este encuentro de vuelta<\/p>\n","protected":false},"author":159,"featured_media":515522,"comment_status":"closed","ping_status":"closed","sticky":false,"template":"","format":"standard","meta":[],"categories":[3839,3844],"tags":[96,253,8076,5988],"_links":{"self":[{"href":"http:\/\/desarrollo.grupomedios.com\/futbol\/wp-json\/wp\/v2\/posts\/515516"}],"collection":[{"href":"http:\/\/desarrollo.grupomedios.com\/futbol\/wp-json\/wp\/v2\/posts"}],"about":[{"href":"http:\/\/desarrollo.grupomedios.com\/futbol\/wp-json\/wp\/v2\/types\/post"}],"author":[{"embeddable":true,"href":"http:\/\/desarrollo.grupomedios.com\/futbol\/wp-json\/wp\/v2\/users\/159"}],"replies":[{"embeddable":true,"href":"http:\/\/desarrollo.grupomedios.com\/futbol\/wp-json\/wp\/v2\/comments?post=515516"}],"version-history":[{"count":1,"href":"http:\/\/desarrollo.grupomedios.com\/futbol\/wp-json\/wp\/v2\/posts\/515516\/revisions"}],"predecessor-version":[{"id":515523,"href":"http:\/\/desarrollo.grupomedios.com\/futbol\/wp-json\/wp\/v2\/posts\/515516\/revisions\/515523"}],"wp:featuredmedia":[{"embeddable":true,"href":"http:\/\/desarrollo.grupomedios.com\/futbol\/wp-json\/wp\/v2\/media\/515522"}],"wp:attachment":[{"href":"http:\/\/desarrollo.grupomedios.com\/futbol\/wp-json\/wp\/v2\/media?parent=515516"}],"wp:term":[{"taxonomy":"category","embeddable":true,"href":"http:\/\/desarrollo.grupomedios.com\/futbol\/wp-json\/wp\/v2\/categories?post=515516"},{"taxonomy":"post_tag","embeddable":true,"href":"http:\/\/desarrollo.grupomedios.com\/futbol\/wp-json\/wp\/v2\/tags?post=515516"}],"curies":[{"name":"wp","href":"https:\/\/api.w.org\/{rel}","templated":true}]}}